{"id":106152,"date":"2025-12-15T03:13:07","date_gmt":"2025-12-15T03:13:07","guid":{"rendered":"https:\/\/www.europesays.com\/se\/106152\/"},"modified":"2025-12-15T03:13:07","modified_gmt":"2025-12-15T03:13:07","slug":"lagning-av-en-tand-blir-1-020-kronor-billigare-efter-nyar","status":"publish","type":"post","link":"https:\/\/www.europesays.com\/se\/106152\/","title":{"rendered":"Lagning av en tand blir 1 020 kronor billigare efter ny\u00e5r"},"content":{"rendered":"<p>Lagning av tand blir 1020 kronor billigare<\/p>\n<p>Ett konkret exempel \u00e4r en lagning med ett referenspris p\u00e5 1 200 kronor. F\u00f6r en patient som fyllt 67 \u00e5r skulle kostnaden d\u00e5 landa p\u00e5 120 kronor. Samtidigt vill regeringen h\u00f6ja det s\u00e4rskilda tandv\u00e5rdsbidraget, STB, f\u00f6r personer med vissa sjukdomar eller tillst\u00e5nd som kr\u00e4ver f\u00f6rebyggande tandv\u00e5rd. Bidraget f\u00f6resl\u00e5s \u00f6ka fr\u00e5n 600 till 1 000 kronor per halv\u00e5r.<\/p>\n<p>Totalt avs\u00e4tts n\u00e4rmare 3,8 miljarder kronor f\u00f6r reformen under 2026.<\/p>\n<p>Reparation, rehabilitering och tand-v\u00e5rd<\/p>\n<p>Det f\u00f6rst\u00e4rkta h\u00f6gkostnadsskyddet ska g\u00e4lla tandv\u00e5rd som r\u00f6r sjukdom, sm\u00e4rta och reparation av trasiga t\u00e4nder, samt vid rehabilitering och habilitering.<\/p>\n<p>D\u00e4remot omfattas inte f\u00f6rebyggande insatser och regelbundna unders\u00f6kningar, och det finns \u00e4ven begr\u00e4nsningar kring vilka t\u00e4nder som omfattas vid ny fast protetik och implantat.<\/p>\n<p>Det tycker PRO<\/p>\n<p>PRO v\u00e4lkomnar reformen och beskriver den som ett viktigt f\u00f6rsta steg mot mer j\u00e4mlik tandv\u00e5rd.<\/p>\n<p>Samtidigt anser organisationen att reformen inte \u00e4r tillr\u00e4cklig. PRO vill att \u00e4ven f\u00f6rebyggande tandv\u00e5rd och regelbundna unders\u00f6kningar ska ing\u00e5 i h\u00f6gkostnadsskyddet, eftersom kostnaden f\u00f6r dessa \u00e4r f\u00f6r h\u00f6g f\u00f6r m\u00e5nga \u00e4ldre med l\u00e5ga pensioner. Organisationen kommer ocks\u00e5 att forts\u00e4tta driva fr\u00e5gan om att slopa begr\u00e4nsningarna f\u00f6r vilka t\u00e4nder som omfattas av protetik, samt f\u00f6lja hur reformen fungerar i praktiken.<\/p>\n<p>L\u00e4s mer om ekonomi:<\/p>\n<p><a href=\"https:\/\/www.news55.se\/privatekonomi\/lena-66-varfor-straffas-jag-med-skatten-pa-arbete-och-pension\/\" rel=\"nofollow noopener\" target=\"_blank\">Lena, 66: \u201cVarf\u00f6r straffas jag med skatten p\u00e5 arbete och pension?\u201d<\/a><\/p>\n<p><a href=\"https:\/\/www.news55.se\/privatekonomi\/noll-kronor-kvar-pa-kontot-efter-bankens-teknikstrul\/\" rel=\"nofollow noopener\" target=\"_blank\">Noll kronor kvar p\u00e5 kontot efter bankens teknikstrul<\/a><\/p>\n<p><a href=\"https:\/\/www.news55.se\/privatekonomi\/julmaten-billigare-inflationen-dampas-av-potatis-och-sill\/\" rel=\"nofollow noopener\" target=\"_blank\">Julmaten billigare \u2013 inflationen d\u00e4mpas av potatis och sill<\/a><\/p>\n<p><a href=\"https:\/\/www.news55.se\/privatekonomi\/expert-svanger-tycker-sverige-ska-byta-valuta-till-euro\/\" rel=\"nofollow noopener\" target=\"_blank\">Expert sv\u00e4nger: Tycker Sverige ska byta valuta till euro<\/a><\/p>\n<p><a href=\"https:\/\/www.news55.se\/privatekonomi\/staten-havar-in-313-miljarder-nar-dold-skatt-hojs-efter-nyar\/\" rel=\"nofollow noopener\" target=\"_blank\">Staten h\u00e5var in 313 miljarder \u2013 n\u00e4r dold skatt h\u00f6js efter ny\u00e5r<\/a><a href=\"https:\/\/www.news55.se\/privatekonomi\/julmaten-billigare-inflationen-dampas-av-potatis-och-sill\/\" rel=\"nofollow noopener\" target=\"_blank\"><br \/><\/a><a href=\"https:\/\/www.news55.se\/privatekonomi\/noll-kronor-kvar-pa-kontot-efter-bankens-teknikstrul\/\" rel=\"nofollow noopener\" target=\"_blank\"><br \/><\/a><a href=\"https:\/\/www.news55.se\/privatekonomi\/lena-66-varfor-straffas-jag-med-skatten-pa-arbete-och-pension\/\" rel=\"nofollow noopener\" target=\"_blank\"><br \/><\/a><\/p>\n<p>L\u00e4s mer fr\u00e5n News55 &#8211; v\u00e5rt nyhetsbrev \u00e4r kostnadsfritt:Prenumerera<\/p>\n","protected":false},"excerpt":{"rendered":"Lagning av tand blir 1020 kronor billigare Ett konkret exempel \u00e4r en lagning med ett referenspris p\u00e5 1&hellip;\n","protected":false},"author":2,"featured_media":106153,"comment_status":"","ping_status":"","sticky":false,"template":"","format":"standard","meta":{"footnotes":""},"categories":[65],"tags":[5444,72,70,71,11879,6485,4500,5384,3647,3409,34,3098,2298,11880,31,33,32,30,11881,894],"class_list":{"0":"post-106152","1":"post","2":"type-post","3":"status-publish","4":"format-standard","5":"has-post-thumbnail","7":"category-ekonomi","8":"tag-aldre","9":"tag-business","10":"tag-economy","11":"tag-ekonomi","12":"tag-hogkostnadsskydd","13":"tag-inkomst","14":"tag-pengar","15":"tag-pensionar","16":"tag-pro","17":"tag-regeringen","18":"tag-se","19":"tag-senior","20":"tag-sjukvard","21":"tag-svensk-ekonomi","22":"tag-svenska","23":"tag-sverige","24":"tag-sweden","25":"tag-swedish","26":"tag-tand","27":"tag-tandvard"},"share_on_mastodon":{"url":"https:\/\/pubeurope.com\/@se\/115721404655252620","error":""},"_links":{"self":[{"href":"https:\/\/www.europesays.com\/se\/wp-json\/wp\/v2\/posts\/106152","targetHints":{"allow":["GET"]}}],"collection":[{"href":"https:\/\/www.europesays.com\/se\/wp-json\/wp\/v2\/posts"}],"about":[{"href":"https:\/\/www.europesays.com\/se\/wp-json\/wp\/v2\/types\/post"}],"author":[{"embeddable":true,"href":"https:\/\/www.europesays.com\/se\/wp-json\/wp\/v2\/users\/2"}],"replies":[{"embeddable":true,"href":"https:\/\/www.europesays.com\/se\/wp-json\/wp\/v2\/comments?post=106152"}],"version-history":[{"count":0,"href":"https:\/\/www.europesays.com\/se\/wp-json\/wp\/v2\/posts\/106152\/revisions"}],"wp:featuredmedia":[{"embeddable":true,"href":"https:\/\/www.europesays.com\/se\/wp-json\/wp\/v2\/media\/106153"}],"wp:attachment":[{"href":"https:\/\/www.europesays.com\/se\/wp-json\/wp\/v2\/media?parent=106152"}],"wp:term":[{"taxonomy":"category","embeddable":true,"href":"https:\/\/www.europesays.com\/se\/wp-json\/wp\/v2\/categories?post=106152"},{"taxonomy":"post_tag","embeddable":true,"href":"https:\/\/www.europesays.com\/se\/wp-json\/wp\/v2\/tags?post=106152"}],"curies":[{"name":"wp","href":"https:\/\/api.w.org\/{rel}","templated":true}]}}