{"id":106160,"date":"2025-12-15T03:22:09","date_gmt":"2025-12-15T03:22:09","guid":{"rendered":"https:\/\/www.europesays.com\/se\/106160\/"},"modified":"2025-12-15T03:22:09","modified_gmt":"2025-12-15T03:22:09","slug":"17-arig-flicka-skulleta-bild-foll-30-meter","status":"publish","type":"post","link":"https:\/\/www.europesays.com\/se\/106160\/","title":{"rendered":"17-\u00e5rig flicka skulle\nta bild \u2013 f\u00f6ll 30 meter"},"content":{"rendered":"<p>Publicerad 14 dec 2025 kl 23.55<\/p>\n<p>En 17-\u00e5rig flicka skulle ta en bild.<\/p>\n<p>Det blev hennes d\u00f6d n\u00e4r hon f\u00f6ll 30 meter, skriver australiska <a href=\"https:\/\/www.news.com.au\/national\/queensland\/news\/moffat-beach-tragedy-as-teenager-dies-after-falling-from-cliff\/news-story\/1523fc935f25c7699662749e2faf594b\" rel=\"nofollow noopener\" target=\"_blank\">News<\/a>.<\/p>\n<p>\u2013 Livet \u00e4r v\u00e4ldigt or\u00e4ttvist, s\u00e4ger Peter Hocken vid polisen.<\/p>\n<p>Senaste nyhetsklippen fr\u00e5n Expressen.<img   alt=\"\"\/><\/p>\n<p>Olyckan intr\u00e4ffade i kuststaden Moffat Beach.<\/p>\n<p>Foto: Google Street View<\/p>\n<p>\u00d6ppna bild i helsk\u00e4rm<\/p>\n<p>Den 13 december befann sig en grupp ton\u00e5rsflickor vid klipporna i kuststaden Moffat Beach i Queensland, <a href=\"https:\/\/www.expressen.se\/tagg\/location\/australien\/\" class=\"\" rel=\"nofollow noopener\" target=\"_blank\">Australien<\/a>.<\/p>\n<p>\u2013 De gick \u00f6ver r\u00e4cket f\u00f6r att f\u00e5 en b\u00e4ttre utsikt \u00f6ver solnedg\u00e5ngen och tog bilder, s\u00e4ger Peter Hocken vid polisen.<\/p>\n<p>Ton\u00e5ringarna \u201dfortsatte att ta sig uppf\u00f6r vallen igen\u201d n\u00e4r en av dem, en 17-\u00e5rig flicka, halkade och f\u00f6ll \u201d30 meter ner p\u00e5 klipporna nedanf\u00f6r\u201d, enligt Hocken. Hon d\u00f6df\u00f6rklarades p\u00e5 platsen.<\/p>\n<p>\u2013 Tyv\u00e4rr fick ett enda felsteg henne att falla. Livet \u00e4r v\u00e4ldigt or\u00e4ttvist, vi vet inte vad som kommer att h\u00e4nda n\u00e4r vi tar ett felsteg. De sv\u00e5ra konsekvenserna \u00e4r n\u00e5got familjen kommer att f\u00e5 leva med resten av sina liv, s\u00e4ger Hocken.<\/p>\n<p>\u201dBara h\u00e5ll er ifr\u00e5n dem\u201d<\/p>\n<p>En annan person \u00e5drog sig lindriga skador n\u00e4r hon f\u00f6rs\u00f6kte hj\u00e4lpa ton\u00e5ringen.\u00a0<\/p>\n<p>H\u00e4ndelsen utreds. Ryan Dubyk fr\u00e5n Queenslands r\u00e4ddningstj\u00e4nst varnar strandbes\u00f6kare att vara f\u00f6rsiktiga.\u00a0<\/p>\n<p>\u2013 V\u00e4nligen respektera de r\u00e4cken som \u00e4r uppsatta. Bara h\u00e5ll er ifr\u00e5n dem, s\u00e4ger Dubyk till 9News.<\/p>\n","protected":false},"excerpt":{"rendered":"Publicerad 14 dec 2025 kl 23.55 En 17-\u00e5rig flicka skulle ta en bild. Det blev hennes d\u00f6d n\u00e4r&hellip;\n","protected":false},"author":2,"featured_media":106161,"comment_status":"","ping_status":"","sticky":false,"template":"","format":"standard","meta":{"footnotes":""},"categories":[14],"tags":[22,23,26,27,17,21,24,25,1995,28,29,15,16,18,34,55,31,33,32,30,19,20,51,52,53,54],"class_list":{"0":"post-106160","1":"post","2":"type-post","3":"status-publish","4":"format-standard","5":"has-post-thumbnail","7":"category-varlden","8":"tag-breaking-news","9":"tag-breakingnews","10":"tag-featured-news","11":"tag-featurednews","12":"tag-headlines","13":"tag-huvudnyheter","14":"tag-latest-news","15":"tag-latestnews","16":"tag-location-australien","17":"tag-main-news","18":"tag-mainnews","19":"tag-news","20":"tag-nyheter","21":"tag-rubriker","22":"tag-se","23":"tag-sections-varlden","24":"tag-svenska","25":"tag-sverige","26":"tag-sweden","27":"tag-swedish","28":"tag-top-stories","29":"tag-topstories","30":"tag-varlden","31":"tag-world","32":"tag-world-news","33":"tag-worldnews"},"share_on_mastodon":{"url":"https:\/\/pubeurope.com\/@se\/115721439993958322","error":""},"_links":{"self":[{"href":"https:\/\/www.europesays.com\/se\/wp-json\/wp\/v2\/posts\/106160","targetHints":{"allow":["GET"]}}],"collection":[{"href":"https:\/\/www.europesays.com\/se\/wp-json\/wp\/v2\/posts"}],"about":[{"href":"https:\/\/www.europesays.com\/se\/wp-json\/wp\/v2\/types\/post"}],"author":[{"embeddable":true,"href":"https:\/\/www.europesays.com\/se\/wp-json\/wp\/v2\/users\/2"}],"replies":[{"embeddable":true,"href":"https:\/\/www.europesays.com\/se\/wp-json\/wp\/v2\/comments?post=106160"}],"version-history":[{"count":0,"href":"https:\/\/www.europesays.com\/se\/wp-json\/wp\/v2\/posts\/106160\/revisions"}],"wp:featuredmedia":[{"embeddable":true,"href":"https:\/\/www.europesays.com\/se\/wp-json\/wp\/v2\/media\/106161"}],"wp:attachment":[{"href":"https:\/\/www.europesays.com\/se\/wp-json\/wp\/v2\/media?parent=106160"}],"wp:term":[{"taxonomy":"category","embeddable":true,"href":"https:\/\/www.europesays.com\/se\/wp-json\/wp\/v2\/categories?post=106160"},{"taxonomy":"post_tag","embeddable":true,"href":"https:\/\/www.europesays.com\/se\/wp-json\/wp\/v2\/tags?post=106160"}],"curies":[{"name":"wp","href":"https:\/\/api.w.org\/{rel}","templated":true}]}}