{"id":106164,"date":"2025-12-15T03:24:17","date_gmt":"2025-12-15T03:24:17","guid":{"rendered":"https:\/\/www.europesays.com\/se\/106164\/"},"modified":"2025-12-15T03:24:17","modified_gmt":"2025-12-15T03:24:17","slug":"ambassadoren-resultat-av-uppvigling-mot-judar-kvartal","status":"publish","type":"post","link":"https:\/\/www.europesays.com\/se\/106164\/","title":{"rendered":"Ambassad\u00f6ren: \u201dResultat av uppvigling mot judar\u201d &#8211; Kvartal"},"content":{"rendered":"<ol>\n<li><a href=\"https:\/\/news.google.com\/rss\/articles\/CBMipwFBVV95cUxNLWxlcDhHT3E5SkFyMExkazE3MGo2bkkwOVV5TkFNLUNTUk90U0h3aW9IdkVkZXotd1pYX25KZ09zN2ZYeHY5blRJTnExeWNkdktrekFUendWNVBhdkltRU9Kd1FKZDVEWUNzTTdCWjZFYm1QMjBvcmp1UmpRcGs4d3lsV25zaXgzXzFhM2tMdWpDY29Ba285bGs1RHZOVE1DZV96emZ1QQ?oc=5\" target=\"_blank\" rel=\"nofollow noopener\">Ambassad\u00f6ren: \u201dResultat av uppvigling mot judar\u201d<\/a>&nbsp;&nbsp;Kvartal<\/li>\n<li><a href=\"https:\/\/news.google.com\/rss\/articles\/CBMilAFBVV95cUxQcFpUdGtORHNraEV0bTgxbUozMVBYbUdnOWRCZ1NiOXNWMExGV3JmN2xqWWxUelFGNkY3YzNzNDd1azF2TXFvNTJWM00tMnQyQlNVaHpjVE1fRXRtdVRIUUtncFBBd3ZNQWFQSnZpVU5qWUxRWVFXWi1BXzgwd1o0V3dWcm83aDc4S1E0eW40UVRHLWhS?oc=5\" target=\"_blank\" rel=\"nofollow noopener\">Frukthandlaren \u00f6vermannade skytten<\/a>&nbsp;&nbsp;Kvartal<\/li>\n<li><a href=\"https:\/\/news.google.com\/rss\/articles\/CBMibkFVX3lxTE9hck9IeFF2RmM5c09zU3dCMU9EUzNxeVJpYU5vWjFYeDdrenkxSW1Sd2hfb0NYOFpkXzJUSUJCTXl0Mmg1Y2tUUEpqczdQOXZRQi1uZkVzcWhyUDhsRXBvMzJtSFVha3gxdV9OU3FB?oc=5\" target=\"_blank\" rel=\"nofollow noopener\">Replikskifte om v\u00e4st och Ryssland<\/a>&nbsp;&nbsp;SvD<\/li>\n<li><a href=\"https:\/\/news.google.com\/rss\/articles\/CBMikAFBVV95cUxOLU5EVVJ0Nzd6b2VPODZYekV0NEt6cE8wZFJiR2Rfc0IwYldZTDFpZkJUeFpoQWt1WHZOYnVsZXhxRFhaeWtYQVRRdmFwZ0NyMG1EMEVmUXM2eDVBZVE3QUN1aW5KQ1pjVjQtVTcxYWdCNGFXcUhjbjM0NnlGanRCbXk5MWZvNzdXRVI1eGxyaVc?oc=5\" target=\"_blank\" rel=\"nofollow noopener\">Fredrik Wadstr\u00f6m: Ov\u00e4ntade fr\u00e5gan som st\u00e4llde Putin 8 december 2025 &#8211; Utrikeskr\u00f6nikan<\/a>&nbsp;&nbsp;Sveriges Radio<\/li>\n<li><a href=\"https:\/\/news.google.com\/rss\/articles\/CBMirwFBVV95cUxNQ3VLVWR5UmdLWUhjeVFoLWhwXzBadWFZUWRac1JGOXVEbGdwNHpZQzQ3Rmo1eHJXNU5uVDQzYkU4WFN1bGVLNXVnMDh6N2FweDRaUkNjWGJrWUw5SkpTaEFqbmdEVnN3ZTJQZFFhM094dFBhU19HY0lmM0w5QWVCRmRNLUtxWGlHcklubGR5ZDlJdTdlRW9mNlJ5OElOWTQzd2FXQmk5S0VHOUFMS0tz?oc=5\" target=\"_blank\" rel=\"nofollow noopener\">\u201dJag har aldrig sett Putin s\u00e5 avslappnad och pratglad\u201d<\/a>&nbsp;&nbsp;Kvartal<\/li>\n<\/ol>\n","protected":false},"excerpt":{"rendered":"Ambassad\u00f6ren: \u201dResultat av uppvigling mot judar\u201d&nbsp;&nbsp;Kvartal Frukthandlaren \u00f6vermannade skytten&nbsp;&nbsp;Kvartal Replikskifte om v\u00e4st och Ryssland&nbsp;&nbsp;SvD Fredrik Wadstr\u00f6m: Ov\u00e4ntade fr\u00e5gan&hellip;\n","protected":false},"author":2,"featured_media":106165,"comment_status":"","ping_status":"","sticky":false,"template":"","format":"standard","meta":{"footnotes":""},"categories":[5],"tags":[2334,22,23,26,27,17,21,24,25,28,29,15,16,18,34,31,33,32,30,19,20],"class_list":{"0":"post-106164","1":"post","2":"type-post","3":"status-publish","4":"format-standard","5":"has-post-thumbnail","7":"category-rubriker","8":"tag-antisemitism","9":"tag-breaking-news","10":"tag-breakingnews","11":"tag-featured-news","12":"tag-featurednews","13":"tag-headlines","14":"tag-huvudnyheter","15":"tag-latest-news","16":"tag-latestnews","17":"tag-main-news","18":"tag-mainnews","19":"tag-news","20":"tag-nyheter","21":"tag-rubriker","22":"tag-se","23":"tag-svenska","24":"tag-sverige","25":"tag-sweden","26":"tag-swedish","27":"tag-top-stories","28":"tag-topstories"},"share_on_mastodon":{"url":"https:\/\/pubeurope.com\/@se\/115721447946309834","error":""},"_links":{"self":[{"href":"https:\/\/www.europesays.com\/se\/wp-json\/wp\/v2\/posts\/106164","targetHints":{"allow":["GET"]}}],"collection":[{"href":"https:\/\/www.europesays.com\/se\/wp-json\/wp\/v2\/posts"}],"about":[{"href":"https:\/\/www.europesays.com\/se\/wp-json\/wp\/v2\/types\/post"}],"author":[{"embeddable":true,"href":"https:\/\/www.europesays.com\/se\/wp-json\/wp\/v2\/users\/2"}],"replies":[{"embeddable":true,"href":"https:\/\/www.europesays.com\/se\/wp-json\/wp\/v2\/comments?post=106164"}],"version-history":[{"count":0,"href":"https:\/\/www.europesays.com\/se\/wp-json\/wp\/v2\/posts\/106164\/revisions"}],"wp:featuredmedia":[{"embeddable":true,"href":"https:\/\/www.europesays.com\/se\/wp-json\/wp\/v2\/media\/106165"}],"wp:attachment":[{"href":"https:\/\/www.europesays.com\/se\/wp-json\/wp\/v2\/media?parent=106164"}],"wp:term":[{"taxonomy":"category","embeddable":true,"href":"https:\/\/www.europesays.com\/se\/wp-json\/wp\/v2\/categories?post=106164"},{"taxonomy":"post_tag","embeddable":true,"href":"https:\/\/www.europesays.com\/se\/wp-json\/wp\/v2\/tags?post=106164"}],"curies":[{"name":"wp","href":"https:\/\/api.w.org\/{rel}","templated":true}]}}