{"id":10617,"date":"2025-08-21T20:34:27","date_gmt":"2025-08-21T20:34:27","guid":{"rendered":"https:\/\/www.europesays.com\/se\/10617\/"},"modified":"2025-08-21T20:34:27","modified_gmt":"2025-08-21T20:34:27","slug":"david-lilja-presenterade-sig-mot-lulea","status":"publish","type":"post","link":"https:\/\/www.europesays.com\/se\/10617\/","title":{"rendered":"David Lilja presenterade sig &#8211; mot Lule\u00e5"},"content":{"rendered":"<p><strong>David Lilja har presenterat sig i <a href=\"https:\/\/hockeysverige.se\/klubb\/timra-ik\/\" rel=\"nofollow noopener\" target=\"_blank\">Timr\u00e5 IK<\/a>. <br \/>M\u00e4staren var tillbaka i <a href=\"https:\/\/hockeysverige.se\/klubb\/lulea-hockey\/\" rel=\"nofollow noopener\" target=\"_blank\">Lule\u00e5<\/a> under torsdagen och slog till tv\u00e5 g\u00e5nger om mot sina tidigare guldkamrater. <\/strong><br \/><strong>M\u00f6tet slutade i en 3\u20135-f\u00f6rlust.<\/strong><\/p>\n<p><img loading=\"lazy\" decoding=\"async\" width=\"1024\" height=\"658\" src=\"https:\/\/www.europesays.com\/se\/wp-content\/uploads\/2025\/08\/Lilja-mot-Lulea-1024x658.webp.webp\" alt=\"\" class=\"wp-image-298232\"  \/><\/p>\n<p>F\u00f6r drygt tre m\u00e5nader sedan stod han med Le Mat-pokalen i h\u00e4nderna och firade Lule\u00e5s f\u00f6rsta SM-guld p\u00e5 29 \u00e5r. Idag, efter en flytt till SHL-konkurrenten, Timr\u00e5 IK, var David Lilja tillbaka i Norrbotten f\u00f6r att bygga kemi i sitt nya lag. Det hela slutade med en 3\u20135-f\u00f6rlust, men tv\u00e5 fulltr\u00e4ffar fr\u00e5n 25-\u00e5ringen.<\/p>\n<p>M\u00e5l nummer ett kom redan i den f\u00f6rsta perioden efter en snabb pass upp i mitten. Den alerta forwarden hade trampat sig till ett fril\u00e4ge och gjorde inte heller n\u00e5got misstag n\u00e4r kan kom fram. Matteus Ward var besegrad i Lule\u00e5-m\u00e5let och Lilja hade gjort sitt f\u00f6rsta i Timr\u00e5-tr\u00f6jan.<\/p>\n<p>Lule\u00e5 svarade genom ett h\u00e5rt slagskott fr\u00e5n Erik Gustafsson till 1\u20131, men i andra perioden ryckte Timr\u00e5 ifr\u00e5n. <\/p>\n<p>Jonathan Dahl\u00e9n i powerplay till 1\u20132 och 3\u20131 fr\u00e5n David Lilja i fem mot tre-spel gav en tv\u00e5m\u00e5lsledning inf\u00f6r sista perioden, och Timr\u00e5 s\u00e5g ut att g\u00e5 mot en seger. Utvisningarna skulle dock forts\u00e4tta att p\u00e5verka matchbilden. <\/p>\n<p>B\u00e5de 2\u20133 (Filip Eriksson) och 3\u20133 (Jakob Ihs Wozniak) kom i numer\u00e4rt \u00f6verl\u00e4ge f\u00f6r Lule\u00e5 i den andra perioden, innan Markus Nurmi till slut blev stor hj\u00e4lte med 4\u20133, \u00e4ven det i powerplay. 5\u20133 gjordes i tom bur av Eetu Koivistoinen. <\/p>\n<p>Formen h\u00e5ller i efter slutspelet<\/p>\n<p>David Lilja stod f\u00f6r 10 po\u00e4ng p\u00e5 48 grundseriematcher f\u00f6r Lule\u00e5 under 2024\/25, men v\u00e4xlade sedan upp i slutspelet. 10 nya po\u00e4ng (4+6) blev slutprodukten n\u00e4r han till slut fick lyfta den d\u00e4r bucklan, samma s\u00e4song som ett l\u00e5n tillbaka till Hockeyallsvenskan och BIK Karlskoga. <\/p>\n<p>Kontraktet med Timr\u00e5 \u00e4r skrivet till 2028. <\/p>\n<p><strong>Lule\u00e5 \u2013 Timr\u00e5: 5\u20133<\/strong> (1\u20131, 0\u20132, 4\u20130)<br \/><strong>Lule\u00e5:<\/strong> Erik Gustafsson, Filip Eriksson, Jakob Ihs Wozniak, Markus Nurmi och Eetu Koivistoinen.<br \/><strong>Timr\u00e5:<\/strong> David Lilja (2), Jonathan Dahl\u00e9n.<\/p>\n","protected":false},"excerpt":{"rendered":"David Lilja har presenterat sig i Timr\u00e5 IK. M\u00e4staren var tillbaka i Lule\u00e5 under torsdagen och slog till&hellip;\n","protected":false},"author":2,"featured_media":10618,"comment_status":"","ping_status":"","sticky":false,"template":"","format":"standard","meta":{"footnotes":""},"categories":[5],"tags":[22,23,26,27,17,21,24,25,28,29,15,16,18,34,133,31,33,32,30,19,20],"class_list":{"0":"post-10617","1":"post","2":"type-post","3":"status-publish","4":"format-standard","5":"has-post-thumbnail","7":"category-rubriker","8":"tag-breaking-news","9":"tag-breakingnews","10":"tag-featured-news","11":"tag-featurednews","12":"tag-headlines","13":"tag-huvudnyheter","14":"tag-latest-news","15":"tag-latestnews","16":"tag-main-news","17":"tag-mainnews","18":"tag-news","19":"tag-nyheter","20":"tag-rubriker","21":"tag-se","22":"tag-second-news","23":"tag-svenska","24":"tag-sverige","25":"tag-sweden","26":"tag-swedish","27":"tag-top-stories","28":"tag-topstories"},"share_on_mastodon":{"url":"","error":""},"_links":{"self":[{"href":"https:\/\/www.europesays.com\/se\/wp-json\/wp\/v2\/posts\/10617","targetHints":{"allow":["GET"]}}],"collection":[{"href":"https:\/\/www.europesays.com\/se\/wp-json\/wp\/v2\/posts"}],"about":[{"href":"https:\/\/www.europesays.com\/se\/wp-json\/wp\/v2\/types\/post"}],"author":[{"embeddable":true,"href":"https:\/\/www.europesays.com\/se\/wp-json\/wp\/v2\/users\/2"}],"replies":[{"embeddable":true,"href":"https:\/\/www.europesays.com\/se\/wp-json\/wp\/v2\/comments?post=10617"}],"version-history":[{"count":0,"href":"https:\/\/www.europesays.com\/se\/wp-json\/wp\/v2\/posts\/10617\/revisions"}],"wp:featuredmedia":[{"embeddable":true,"href":"https:\/\/www.europesays.com\/se\/wp-json\/wp\/v2\/media\/10618"}],"wp:attachment":[{"href":"https:\/\/www.europesays.com\/se\/wp-json\/wp\/v2\/media?parent=10617"}],"wp:term":[{"taxonomy":"category","embeddable":true,"href":"https:\/\/www.europesays.com\/se\/wp-json\/wp\/v2\/categories?post=10617"},{"taxonomy":"post_tag","embeddable":true,"href":"https:\/\/www.europesays.com\/se\/wp-json\/wp\/v2\/tags?post=10617"}],"curies":[{"name":"wp","href":"https:\/\/api.w.org\/{rel}","templated":true}]}}