{"id":106190,"date":"2025-12-15T04:08:09","date_gmt":"2025-12-15T04:08:09","guid":{"rendered":"https:\/\/www.europesays.com\/se\/106190\/"},"modified":"2025-12-15T04:08:09","modified_gmt":"2025-12-15T04:08:09","slug":"markant-minskning-av-symtom-nar-vuxna-med-adhd-tranade-nerikes-allehanda","status":"publish","type":"post","link":"https:\/\/www.europesays.com\/se\/106190\/","title":{"rendered":"Markant minskning av symtom n\u00e4r vuxna med adhd tr\u00e4nade \u2013 Nerikes Allehanda"},"content":{"rendered":"<p>Lena Axelsson Svedell har \u00e4gnat fem \u00e5r \u00e5t forskning som m\u00e5nga redan tror redan \u00e4r gjord.<\/p>\n<p>\u2013 Men den h\u00e4r studien beh\u00f6vdes verkligen, s\u00e4ger \u00d6rebroforskaren.<\/p>\n<p>Hennes resultat visar att tr\u00e4ning \u00e4r en effektiv behandling f\u00f6r vuxna med adhd och hon anser att sjukv\u00e5rden b\u00f6r skriva ut det vid sidan om medicin.<\/p>\n<p><img loading=\"lazy\" decoding=\"async\" width=\"980\" height=\"551\" class=\"article-image article-image--featured\" alt=\"I Karlahusets gym har fysioterapeuten Lena Axelsson Svedell m\u00f6tt personer som ing\u00e5tt i studien d\u00e4r man unders\u00f6kt vilken inverkan regelbunden tr\u00e4ning har p\u00e5 symtomen hos vuxna med adhd-diagnos.\" src=\"https:\/\/www.europesays.com\/se\/wp-content\/uploads\/2025\/12\/9b7f94fb-5eba-44e3-90b4-243d5928ed3c.jpg\"  \/><a class=\"article__lightbox-link\" href=\"https:\/\/static.bonniernews.se\/ba\/9b7f94fb-5eba-44e3-90b4-243d5928ed3c.jpg?crop=6240%2C3510%2Cx0%2Cy233&amp;width=1400&amp;format=pjpg&amp;auto=avif\" data-pswp-width=\"1400\" data-pswp-height=\"788\" data-pswp-caption=\"I Karlahusets gym har fysioterapeuten Lena Axelsson Svedell m\u00f6tt personer som ing\u00e5tt i studien d\u00e4r man unders\u00f6kt vilken inverkan regelbunden tr\u00e4ning har p\u00e5 symtomen hos vuxna med adhd-diagnos. Bild: Jesper Eriksson\" data-pswp- rel=\"nofollow noopener\" target=\"_blank\">\u00d6ppna bild i helsk\u00e4rmsl\u00e4ge<\/a><\/p>\n<p class=\"txt-style-muted\" aria-hidden=\"true\">I Karlahusets gym har fysioterapeuten Lena Axelsson Svedell m\u00f6tt personer som ing\u00e5tt i studien d\u00e4r man unders\u00f6kt vilken inverkan regelbunden tr\u00e4ning har p\u00e5 symtomen hos vuxna med adhd-diagnos.<\/p>\n<p class=\"article__figcaption-attribution txt-style-muted\">Bild: Jesper Eriksson<\/p>\n<p>Att en rask promenad kan mildra stress och minska p\u00e5frestningarna f\u00f6r personer med olika sorters psykiatriska diagnoser vet v\u00e4l \u201dalla\u201d.<\/p>\n<p>Tekniskt fel<\/p>\n<p class=\"message__text txt-ui txt-ui-2\">V\u00e4nligen f\u00f6rs\u00f6k igen senare.<\/p>\n<p>Den h\u00e4r artikeln \u00e4r bara f\u00f6r prenumeranter<\/p>\n<p class=\"txt-body txt-body-1\">Om du redan \u00e4r prenumerant: logga in!<\/p>\n","protected":false},"excerpt":{"rendered":"Lena Axelsson Svedell har \u00e4gnat fem \u00e5r \u00e5t forskning som m\u00e5nga redan tror redan \u00e4r gjord. \u2013 Men&hellip;\n","protected":false},"author":2,"featured_media":106191,"comment_status":"","ping_status":"","sticky":false,"template":"","format":"standard","meta":{"footnotes":""},"categories":[69],"tags":[113,112,34,31,33,32,30],"class_list":{"0":"post-106190","1":"post","2":"type-post","3":"status-publish","4":"format-standard","5":"has-post-thumbnail","7":"category-halsa","8":"tag-halsa","9":"tag-health","10":"tag-se","11":"tag-svenska","12":"tag-sverige","13":"tag-sweden","14":"tag-swedish"},"share_on_mastodon":{"url":"https:\/\/pubeurope.com\/@se\/115721621236685899","error":""},"_links":{"self":[{"href":"https:\/\/www.europesays.com\/se\/wp-json\/wp\/v2\/posts\/106190","targetHints":{"allow":["GET"]}}],"collection":[{"href":"https:\/\/www.europesays.com\/se\/wp-json\/wp\/v2\/posts"}],"about":[{"href":"https:\/\/www.europesays.com\/se\/wp-json\/wp\/v2\/types\/post"}],"author":[{"embeddable":true,"href":"https:\/\/www.europesays.com\/se\/wp-json\/wp\/v2\/users\/2"}],"replies":[{"embeddable":true,"href":"https:\/\/www.europesays.com\/se\/wp-json\/wp\/v2\/comments?post=106190"}],"version-history":[{"count":0,"href":"https:\/\/www.europesays.com\/se\/wp-json\/wp\/v2\/posts\/106190\/revisions"}],"wp:featuredmedia":[{"embeddable":true,"href":"https:\/\/www.europesays.com\/se\/wp-json\/wp\/v2\/media\/106191"}],"wp:attachment":[{"href":"https:\/\/www.europesays.com\/se\/wp-json\/wp\/v2\/media?parent=106190"}],"wp:term":[{"taxonomy":"category","embeddable":true,"href":"https:\/\/www.europesays.com\/se\/wp-json\/wp\/v2\/categories?post=106190"},{"taxonomy":"post_tag","embeddable":true,"href":"https:\/\/www.europesays.com\/se\/wp-json\/wp\/v2\/tags?post=106190"}],"curies":[{"name":"wp","href":"https:\/\/api.w.org\/{rel}","templated":true}]}}