{"id":106192,"date":"2025-12-15T04:09:20","date_gmt":"2025-12-15T04:09:20","guid":{"rendered":"https:\/\/www.europesays.com\/se\/106192\/"},"modified":"2025-12-15T04:09:20","modified_gmt":"2025-12-15T04:09:20","slug":"oscar-lundin-ledde-schweiz-till-vm-guld-det-kommer-kannas","status":"publish","type":"post","link":"https:\/\/www.europesays.com\/se\/106192\/","title":{"rendered":"Oscar Lundin ledde Schweiz till VM-guld: &#8221;Det kommer k\u00e4nnas&#8221;"},"content":{"rendered":"<p><strong>Svensken avsl\u00f6jar framg\u00e5ngsreceptet bakom ov\u00e4ntade VM-guldet: \u201dVi g\u00f6r det medvetet\u201d<\/strong><\/p>\n<p><a href=\"https:\/\/unihoc.com\/se\/sv\/page\/carbskin-black\" target=\"_blank\" rel=\"noreferrer noopener nofollow\">Promotion: Stj\u00e4rnornas favorit \u2013 h\u00e4r \u00e4r CARBSKIN BLACK EDITION fr\u00e5n UNIHOC<\/a><\/p>\n<p class=\"fs-8 fs-lg-7 text-white fw-bold mb-0 child-text-decoration-none child-text-inherit has-small-font-size\"><a href=\"https:\/\/unihoc.com\/se\/sv\" target=\"_blank\" rel=\"noreferrer noopener nofollow\">VM-BEVAKNINGEN SPONSRAS AV <img loading=\"lazy\" decoding=\"async\" width=\"768\" height=\"137\" class=\"wp-image-191150\" style=\"width: 120px\" src=\"https:\/\/www.europesays.com\/se\/wp-content\/uploads\/2025\/12\/UNIHOC-WHITE_ohne_Badge_nur_Text-768x137-1.png\" alt=\"\"  \/><\/a><\/p>\n<p><img loading=\"lazy\" decoding=\"async\" width=\"1024\" height=\"658\" src=\"https:\/\/www.europesays.com\/se\/wp-content\/uploads\/2025\/12\/doijee-1024x658.jpg\" alt=\"\" class=\"wp-image-193526\"  \/>Foto: IFF\/Matej Pasek<\/p>\n<p>Schweiz \u00e4r v\u00e4rldsm\u00e4stare f\u00f6r andra g\u00e5ngen i historien. Guldet b\u00e4rgade man efter att ha slagit Tjeckien i \u201duppstickarfinalen\u201d med 2\u20130.<\/p>\n<p>Inf\u00f6r 8 844 \u00e5sk\u00e5dare i uts\u00e5lda Ostravar Ar\u00e9na lyckades man ta ledningen i f\u00f6rsta perioden n\u00e4r Pixbos Celine Stettler bombade in bollen. N\u00e4sta \u2013 och sista \u2013 m\u00e5let skulle dr\u00f6ja till matchens slutminuter n\u00e4r Isabelle Gerig satte slutresultatet i tom kasse.<\/p>\n<p>Det var ett heroiskt k\u00e4mpande Schweiz som tog hem guldet. Samtidigt fortsatte Lara Heini storspela i m\u00e5let och blev den f\u00f6rsta m\u00e5lvakten p\u00e5 24 \u00e5r att h\u00e5lla nollan i en VM-final.<\/p>\n<p>\u2013 Det \u00e4r tv\u00e5 lag som st\u00f6tt och bl\u00f6tts mot varandra m\u00e5nga g\u00e5nger. Det \u00e4r ett j\u00e4ttev\u00e4lcoachat lag med tre formationer med tydlig identitet som vi m\u00f6ter, s\u00e4ger Schweiz svenska f\u00f6rbundskapten Oscar Lundin till Innebandymagazinet.<\/p>\n<p class=\"has-medium-font-size\"><strong>Hyllningen till Heini: \u201dBrukar se det genom hj\u00e4lmgallret\u201d<\/strong><\/p>\n<p>Lundin har suttit p\u00e5 sin post sedan 2022. Hans f\u00f6rsta VM som f\u00f6rbundskapten slutade med en fj\u00e4rdeplats, men i sommarens World Games blev det brons. Nu n\u00e5r man ocks\u00e5 den \u00e4dlaste val\u00f6ren i den mest prestigefulla landslagsturneringen.<\/p>\n<p>\u2013 Det \u00e4r en salig blandning av tjejer. Det \u00e4r n\u00e5gra med v\u00e4ldigt mycket erfarenhet och en m\u00e5lvakt som \u00e4r unik. Det \u00e4r nya unga spelare. Norina Reusser (f\u00f6dd 2007) kommer in och det h\u00e4r \u00e4r en helt ny niv\u00e5 f\u00f6r henne att spela p\u00e5, och s\u00e5 g\u00f6r hon s\u00e5 m\u00e5nga viktiga m\u00e5l f\u00f6r oss under den h\u00e4r turneringen.<\/p>\n<p>N\u00e4r Lundin kommenterar Lara Heinis storstilade insats i m\u00e5let lyfter han fram hennes mentala egenskaper.<\/p>\n<p>\u2013 Jag brukar se det redan efter sex, sju minuter p\u00e5 hennes \u00f6gon \u2013 genom hj\u00e4lmgallret \u2013 att det i dag \u201dska mycket till f\u00f6r att hon ska sl\u00e4ppa mer \u00e4n tv\u00e5, tre kassar\u201d. Sedan trodde jag att vi hade beh\u00f6vt g\u00f6ra n\u00e5gra fler m\u00e5l. Det \u00e4r v\u00e4ldigt s\u00e4llan man h\u00e5ller nollan.<\/p>\n<p>\u2013 Tjeckien har ocks\u00e5 tryck p\u00e5 oss. De har ett par i ramen och det \u00e4r ett par otroliga r\u00e4ddningar. Vi har marginalerna med oss i dag. Det f\u00e5r man ha ibland.<\/p>\n<p class=\"has-medium-font-size\"><strong>Detaljen som bakom segern: \u201dG\u00f6r det medvetet\u201d<\/strong><\/p>\n<p>Han ber\u00f6mmer ocks\u00e5 det tjeckiska duellspelet.<\/p>\n<p>\u2013 De \u00e4r s\u00e5 starka, tjeckiskorna. Vi f\u00e5r vila lite under matchens g\u00e5ng och det \u00e4r jag v\u00e4ldigt imponerad av \u2013 att vi orkar byte efter byte. Vi jobbade mycket med power breaksen, att anv\u00e4nda dem. \u201dVi spelar till power break \u2013 sedan andas vi\u201d. Fyra, fem byten per person. Det var bra mentalt.<\/p>\n<p>Ett knep som Lundin och hans Schweiz anv\u00e4nde sig av under matchen var att kunna h\u00f6ja och s\u00e4nka \u201dspeltemperaturen\u201d, som han uttrycker det.<\/p>\n<p>\u2013 Som i dag, n\u00e4r vi f\u00e5r frislag, g\u00e5r vi medvetet superl\u00e5ngsamt f\u00f6r att ta ner temperaturen. Tjeckiskorna vill bara f\u00e5 ig\u00e5ng spelet igen. Det \u00e4r viktigt f\u00f6r att kunna vinna den h\u00e4r typen av matcher.<\/p>\n<p>Lundin avslutar med att ber\u00e4tta vad han kommer s\u00e4ga till laget i omkl\u00e4dningsrummet efter\u00e5t.<\/p>\n<p>\u2013 Vi kommer prata mycket om tacksamhet. Att vara tacksam f\u00f6r att man har f\u00e5tt ta del av den h\u00e4r resan och gruppen. En tacksamhet f\u00f6r de som varit h\u00e4r och st\u00f6ttat oss. Mina tre grabbar \u00e4r h\u00e4r, min underbara fru, min mamma och pappa. Det kommer k\u00e4nnas inne i omkl\u00e4dningsrummet. Man g\u00f6r inte det h\u00e4r sj\u00e4lv, liksom. Jag vet inte hur m\u00e5nga dagar vi varit tillsammans i World Games och VM och olika turneringar. Det \u00e4r inte bara spelarna i laget som investerat mycket tid \u2013 det \u00e4r \u00e4ven alla n\u00e4ra och k\u00e4ra.<\/p>\n<p>Du kan se intervjun i sin helhet i spelaren ovan.<\/p>\n<p>ANNONS<br \/>\n  <a href=\"https:\/\/unihoc.com\/se\/sv\/page\/carbskin-black\" target=\"_blank\" rel=\"nofollow noopener\"><img decoding=\"async\" src=\"https:\/\/www.europesays.com\/se\/wp-content\/uploads\/2025\/12\/hOOb7yE.gif\" alt=\"Desktopbild\" width=\"776\"\/><\/a><\/p>\n<p>  <a href=\"https:\/\/unihoc.com\/se\/sv\/page\/carbskin-black\" target=\"_blank\" rel=\"nofollow noopener\"><img decoding=\"async\" src=\"https:\/\/www.europesays.com\/se\/wp-content\/uploads\/2025\/12\/upzg7zo.gif\" alt=\"Mobilbild\" width=\"320\"\/><\/a><\/p>\n","protected":false},"excerpt":{"rendered":"Svensken avsl\u00f6jar framg\u00e5ngsreceptet bakom ov\u00e4ntade VM-guldet: \u201dVi g\u00f6r det medvetet\u201d Promotion: Stj\u00e4rnornas favorit \u2013 h\u00e4r \u00e4r CARBSKIN BLACK&hellip;\n","protected":false},"author":2,"featured_media":106193,"comment_status":"","ping_status":"","sticky":false,"template":"","format":"standard","meta":{"footnotes":""},"categories":[68],"tags":[563,34,111,110,31,33,32,30],"class_list":{"0":"post-106192","1":"post","2":"type-post","3":"status-publish","4":"format-standard","5":"has-post-thumbnail","7":"category-sport","8":"tag-lop-1","9":"tag-se","10":"tag-sport","11":"tag-sports","12":"tag-svenska","13":"tag-sverige","14":"tag-sweden","15":"tag-swedish"},"share_on_mastodon":{"url":"https:\/\/pubeurope.com\/@se\/115721624962177316","error":""},"_links":{"self":[{"href":"https:\/\/www.europesays.com\/se\/wp-json\/wp\/v2\/posts\/106192","targetHints":{"allow":["GET"]}}],"collection":[{"href":"https:\/\/www.europesays.com\/se\/wp-json\/wp\/v2\/posts"}],"about":[{"href":"https:\/\/www.europesays.com\/se\/wp-json\/wp\/v2\/types\/post"}],"author":[{"embeddable":true,"href":"https:\/\/www.europesays.com\/se\/wp-json\/wp\/v2\/users\/2"}],"replies":[{"embeddable":true,"href":"https:\/\/www.europesays.com\/se\/wp-json\/wp\/v2\/comments?post=106192"}],"version-history":[{"count":0,"href":"https:\/\/www.europesays.com\/se\/wp-json\/wp\/v2\/posts\/106192\/revisions"}],"wp:featuredmedia":[{"embeddable":true,"href":"https:\/\/www.europesays.com\/se\/wp-json\/wp\/v2\/media\/106193"}],"wp:attachment":[{"href":"https:\/\/www.europesays.com\/se\/wp-json\/wp\/v2\/media?parent=106192"}],"wp:term":[{"taxonomy":"category","embeddable":true,"href":"https:\/\/www.europesays.com\/se\/wp-json\/wp\/v2\/categories?post=106192"},{"taxonomy":"post_tag","embeddable":true,"href":"https:\/\/www.europesays.com\/se\/wp-json\/wp\/v2\/tags?post=106192"}],"curies":[{"name":"wp","href":"https:\/\/api.w.org\/{rel}","templated":true}]}}