{"id":106194,"date":"2025-12-15T04:10:56","date_gmt":"2025-12-15T04:10:56","guid":{"rendered":"https:\/\/www.europesays.com\/se\/106194\/"},"modified":"2025-12-15T04:10:56","modified_gmt":"2025-12-15T04:10:56","slug":"ikvall-pa-kanal-9-guy-ritchies-arthur-film-skulle-bli-6-filmer-planerna-skrotades-efter-floppen","status":"publish","type":"post","link":"https:\/\/www.europesays.com\/se\/106194\/","title":{"rendered":"Ikv\u00e4ll p\u00e5 Kanal 9: Guy Ritchies Arthur-film skulle bli 6 filmer \u2013 planerna skrotades efter floppen"},"content":{"rendered":"<p>Guy Ritchie sparar inte p\u00e5 krutet n\u00e4r han tar sig an Arthur-legenden. I <a href=\"https:\/\/www.moviezine.se\/movies\/king-arthur-legend-of-the-sword-2017\" rel=\"nofollow noopener\" target=\"_blank\">\u201dKing Arthur: Legend of the Sword\u201d <\/a>f\u00e5r vi en visuell k\u00e4ftsm\u00e4ll d\u00e4r regiss\u00f6ren skruvar upp tempot till max. Gl\u00f6m dammiga historieb\u00f6cker \u2013 h\u00e4r serverar Ritchie en renodlad \u201deffektorgie\u201d fylld av magi, monster och snabba klipp.<\/p>\n<p>Charlie Hunnam, som m\u00e5nga k\u00e4nner igen fr\u00e5n \u201dSons of Anarchy\u201d, byter mc-v\u00e4sten mot rustning och axlar rollen som gatupojken som drar sv\u00e4rdet ur stenen. I ensemblen finns namn som Jude Law och Eric Bana, men ett extra plus g\u00e5r till Mikael Persbrandt, som dyker upp som en sliten vikingah\u00f6vding i ett par minnesv\u00e4rda scener. \u00c4ven David Beckham skymtar f\u00f6rbi i en uppm\u00e4rksammad cameo.<\/p>\n<p>Filmen blev en rej\u00e4l flopp p\u00e5 bio 2017 och kritikerna s\u00e5gade den, men har med \u00e5ren hittat en publik som uppskattar den betydligt mer. MovieZines skribent Viktor Jerner h\u00f6r till dem som g\u00e4rna sl\u00e5r ett slag f\u00f6r filmen:<\/p>\n<p>\u201dJag tycker att den h\u00e4r filmen \u00e4r snudd p\u00e5 fantastisk, och l\u00e5ngt ifr\u00e5n s\u00e5 risig som ryktet s\u00e4ger (\u2026) Ett bombastiskt och episkt fantasy\u00e4ventyr. F\u00f6r n\u00e4r Guy Ritchie g\u00f6r en fantasyfilm, d\u00e5 g\u00f6r han verkligen en fantasyfilm med varje cell i kroppen,\u201d skriver han i sin <a href=\"https:\/\/www.moviezine.se\/recensioner\/mer-effektorgie-an-legend\" rel=\"nofollow noopener\" target=\"_blank\">recension<\/a>.<\/p>\n<p>Warner Bros. satsade stort p\u00e5 \u201dKing Arthur: Legend of the Sword\u201d \u2013 studion <a href=\"https:\/\/www.moviezine.se\/nyheter\/guy-ritchie-har-stora-planer-for-kung-arthur\" rel=\"nofollow noopener\" target=\"_blank\">planerade ett helt filmuniversum med sex filmer.<\/a> Men n\u00e4r biofloppet blev ett faktum och f\u00f6rlusterna landade p\u00e5 153,2 miljoner dollar enligt <a href=\"https:\/\/screenrant.com\/king-arthur-legend-sword-2-sequel-canceled-reason\/\" rel=\"nofollow noopener\" target=\"_blank\">Screenrant<\/a>, skrotade Warner Bros. alla forts\u00e4ttningsplaner. Karakt\u00e4rer som Lancelot, Guinevere och Merlin skulle ha f\u00e5tt egna filmer, men det blev aldrig av.<\/p>\n<p>\u00c4r du sugen p\u00e5 n\u00e5got \u201dmuskul\u00f6st, h\u00f6gljutt och underh\u00e5llande\u201d att luta dig tillbaka till i kv\u00e4ll, kan det h\u00e4r vara helt r\u00e4tt val.<\/p>\n<p>H\u00e4r kan du se \u201dKing Arthur: Legend of the Sword\u201d:<\/p>\n<ul class=\"wp-block-list\">\n<li>Ikv\u00e4ll 22:00 p\u00e5 Kanal 9<\/li>\n<li>Streama p\u00e5 Max<\/li>\n<li>Hyr &amp; K\u00f6p p\u00e5 Viaplay<\/li>\n<li>Hyr &amp; K\u00f6p p\u00e5 SF Anytime<\/li>\n<\/ul>\n<p><img loading=\"lazy\" decoding=\"async\" alt=\"YouTube video\" width=\"480\" height=\"360\" data-pin-nopin=\"true\" nopin=\"nopin\" class=\"perfmatters-lazy\" src=\"https:\/\/www.europesays.com\/se\/wp-content\/uploads\/2025\/12\/1765771856_901_hqdefault.jpg\"\/><\/p>\n<p>L\u00e4s ocks\u00e5: <a href=\"https:\/\/www.moviezine.se\/nyheter\/monster-sasong-4-har-borjat-filma-charlie-hunnam-atervander\" title=\"\u201dMonster\u201d s\u00e4song 4 har b\u00f6rjat filma \u2013 Charlie Hunnam \u00e5terv\u00e4nder\" class=\"underline-custom !font-montserrat !font-bold !underline-offset-4 !decoration-4 !decoration-moviezine-green !text-md\" rel=\"nofollow noopener\" target=\"_blank\">\u201dMonster\u201d s\u00e4song 4 har b\u00f6rjat filma \u2013 Charlie Hunnam \u00e5terv\u00e4nder<\/a><\/p>\n<p>L\u00e4s ocks\u00e5: <a href=\"https:\/\/www.moviezine.se\/nyheter\/nej-brad-pitt-spelar-inte-skurk-i-the-batman-uppfoljaren\" title=\"Nej, Brad Pitt spelar inte skurk i \u201dThe Batman\u201d-uppf\u00f6ljaren\" class=\"underline-custom !font-montserrat !font-bold !underline-offset-4 !decoration-4 !decoration-moviezine-green !text-md\" rel=\"nofollow noopener\" target=\"_blank\">Nej, Brad Pitt spelar inte skurk i \u201dThe Batman\u201d-uppf\u00f6ljaren<\/a><\/p>\n","protected":false},"excerpt":{"rendered":"Guy Ritchie sparar inte p\u00e5 krutet n\u00e4r han tar sig an Arthur-legenden. I \u201dKing Arthur: Legend of the&hellip;\n","protected":false},"author":2,"featured_media":106195,"comment_status":"","ping_status":"","sticky":false,"template":"","format":"standard","meta":{"footnotes":""},"categories":[67],"tags":[104,34,31,33,32,30,2768,105],"class_list":{"0":"post-106194","1":"post","2":"type-post","3":"status-publish","4":"format-standard","5":"has-post-thumbnail","7":"category-underhallning","8":"tag-entertainment","9":"tag-se","10":"tag-svenska","11":"tag-sverige","12":"tag-sweden","13":"tag-swedish","14":"tag-tv-tips","15":"tag-underhallning"},"share_on_mastodon":{"url":"https:\/\/pubeurope.com\/@se\/115721632767823948","error":""},"_links":{"self":[{"href":"https:\/\/www.europesays.com\/se\/wp-json\/wp\/v2\/posts\/106194","targetHints":{"allow":["GET"]}}],"collection":[{"href":"https:\/\/www.europesays.com\/se\/wp-json\/wp\/v2\/posts"}],"about":[{"href":"https:\/\/www.europesays.com\/se\/wp-json\/wp\/v2\/types\/post"}],"author":[{"embeddable":true,"href":"https:\/\/www.europesays.com\/se\/wp-json\/wp\/v2\/users\/2"}],"replies":[{"embeddable":true,"href":"https:\/\/www.europesays.com\/se\/wp-json\/wp\/v2\/comments?post=106194"}],"version-history":[{"count":0,"href":"https:\/\/www.europesays.com\/se\/wp-json\/wp\/v2\/posts\/106194\/revisions"}],"wp:featuredmedia":[{"embeddable":true,"href":"https:\/\/www.europesays.com\/se\/wp-json\/wp\/v2\/media\/106195"}],"wp:attachment":[{"href":"https:\/\/www.europesays.com\/se\/wp-json\/wp\/v2\/media?parent=106194"}],"wp:term":[{"taxonomy":"category","embeddable":true,"href":"https:\/\/www.europesays.com\/se\/wp-json\/wp\/v2\/categories?post=106194"},{"taxonomy":"post_tag","embeddable":true,"href":"https:\/\/www.europesays.com\/se\/wp-json\/wp\/v2\/tags?post=106194"}],"curies":[{"name":"wp","href":"https:\/\/api.w.org\/{rel}","templated":true}]}}