{"id":106202,"date":"2025-12-15T04:29:15","date_gmt":"2025-12-15T04:29:15","guid":{"rendered":"https:\/\/www.europesays.com\/se\/106202\/"},"modified":"2025-12-15T04:29:15","modified_gmt":"2025-12-15T04:29:15","slug":"fruktansvart-vi-kan-bara-be-for-offren","status":"publish","type":"post","link":"https:\/\/www.europesays.com\/se\/106202\/","title":{"rendered":"Fruktansv\u00e4rt \u2013 vi kan bara be f\u00f6r offren"},"content":{"rendered":"<p>Donald Trump s\u00e4ger att skjutningen p\u00e5 Brown University i Providence i delstaten Rhode Island \u00e4r en \u201dfruktansv\u00e4rd\u201d h\u00e4ndelse. N\u00e4r presidenten anl\u00e4nde till Vita huset under l\u00f6rdagskv\u00e4llen lokal tid sa han till reportrar att det \u00e4r tragiskt att tv\u00e5 m\u00e4nniskor d\u00f6tt och \u00e5tta skadats allvarligt. <\/p>\n<p>\u2013 Allt vi kan g\u00f6ra just nu \u00e4r att be f\u00f6r offren och f\u00f6r dem som skadats, s\u00e4ger han enligt NBC.  <\/p>\n<p>Vid 01.30-tiden svensk tid har polisen \u00e4nnu inte lyckats gripa g\u00e4rningsmannen. Motivet till skjutningen \u00e4r oklart. <\/p>\n<p>Omni \u00e4r politiskt obundna och oberoende. Vi str\u00e4var efter att ge fler perspektiv p\u00e5 nyheterna. Har du fr\u00e5gor eller synpunkter kring v\u00e5r rapportering? <a href=\"https:\/\/omni.se\/trump-fruktansvart-vi-kan-bara-be-for-offren\/a\/mailto:redaktion@omni.se\" class=\"ArticleActions_contactLink__W2F1M\" rel=\"nofollow noopener\" target=\"_blank\">Kontakta redaktionen<\/a><\/p>\n","protected":false},"excerpt":{"rendered":"Donald Trump s\u00e4ger att skjutningen p\u00e5 Brown University i Providence i delstaten Rhode Island \u00e4r en \u201dfruktansv\u00e4rd\u201d h\u00e4ndelse.&hellip;\n","protected":false},"author":2,"featured_media":106203,"comment_status":"","ping_status":"","sticky":false,"template":"","format":"standard","meta":{"footnotes":""},"categories":[14],"tags":[22,23,26,27,17,21,24,25,28,29,15,268,16,18,34,31,33,32,30,19,20,74,51,52,53,54],"class_list":{"0":"post-106202","1":"post","2":"type-post","3":"status-publish","4":"format-standard","5":"has-post-thumbnail","7":"category-varlden","8":"tag-breaking-news","9":"tag-breakingnews","10":"tag-featured-news","11":"tag-featurednews","12":"tag-headlines","13":"tag-huvudnyheter","14":"tag-latest-news","15":"tag-latestnews","16":"tag-main-news","17":"tag-mainnews","18":"tag-news","19":"tag-nordamerika","20":"tag-nyheter","21":"tag-rubriker","22":"tag-se","23":"tag-svenska","24":"tag-sverige","25":"tag-sweden","26":"tag-swedish","27":"tag-top-stories","28":"tag-topstories","29":"tag-usa","30":"tag-varlden","31":"tag-world","32":"tag-world-news","33":"tag-worldnews"},"share_on_mastodon":{"url":"https:\/\/pubeurope.com\/@se\/115721703481126146","error":""},"_links":{"self":[{"href":"https:\/\/www.europesays.com\/se\/wp-json\/wp\/v2\/posts\/106202","targetHints":{"allow":["GET"]}}],"collection":[{"href":"https:\/\/www.europesays.com\/se\/wp-json\/wp\/v2\/posts"}],"about":[{"href":"https:\/\/www.europesays.com\/se\/wp-json\/wp\/v2\/types\/post"}],"author":[{"embeddable":true,"href":"https:\/\/www.europesays.com\/se\/wp-json\/wp\/v2\/users\/2"}],"replies":[{"embeddable":true,"href":"https:\/\/www.europesays.com\/se\/wp-json\/wp\/v2\/comments?post=106202"}],"version-history":[{"count":0,"href":"https:\/\/www.europesays.com\/se\/wp-json\/wp\/v2\/posts\/106202\/revisions"}],"wp:featuredmedia":[{"embeddable":true,"href":"https:\/\/www.europesays.com\/se\/wp-json\/wp\/v2\/media\/106203"}],"wp:attachment":[{"href":"https:\/\/www.europesays.com\/se\/wp-json\/wp\/v2\/media?parent=106202"}],"wp:term":[{"taxonomy":"category","embeddable":true,"href":"https:\/\/www.europesays.com\/se\/wp-json\/wp\/v2\/categories?post=106202"},{"taxonomy":"post_tag","embeddable":true,"href":"https:\/\/www.europesays.com\/se\/wp-json\/wp\/v2\/tags?post=106202"}],"curies":[{"name":"wp","href":"https:\/\/api.w.org\/{rel}","templated":true}]}}