{"id":106204,"date":"2025-12-15T04:33:06","date_gmt":"2025-12-15T04:33:06","guid":{"rendered":"https:\/\/www.europesays.com\/se\/106204\/"},"modified":"2025-12-15T04:33:06","modified_gmt":"2025-12-15T04:33:06","slug":"trump-lovar-hamnas-is-attack-i-syrien","status":"publish","type":"post","link":"https:\/\/www.europesays.com\/se\/106204\/","title":{"rendered":"Trump lovar h\u00e4mnas IS-attack i Syrien"},"content":{"rendered":"<p>Attacken skedde enligt Pentagon i Palmyra, d\u00e4r amerikanerna ingick i en delegation tillsammans med syriska s\u00e4kerhetsstyrkor med syfte att tr\u00e4ffa lokala beslutsfattare och motverka terrorism. <\/p>\n<p>Flera skadades, bland annat tre andra amerikanska milit\u00e4rer. De har enligt nyhetsbyr\u00e5n AP f\u00f6rts till den amerikanska milit\u00e4rbasen al-Tanf.<\/p>\n<p>\u201dDet h\u00e4r var en IS-attack mot USA, och Syrien, i en v\u00e4ldigt farlig del av Syrien som de inte har full kontroll \u00f6ver&#8221;, skriver Trump p\u00e5 Truth Social.<\/p>\n<p>Han skriver vidare att Syriens president Ahmed al-Sharaa \u00e4r \u201dextremt arg\u201d \u00f6ver attacken.<\/p>\n<p>Anst\u00e4lld i s\u00e4kerhetsstyrkorna<\/p>\n<p>Enligt USA:s krigsminister Pete Hegseth d\u00f6dades angriparen av syriska styrkor.<\/p>\n<p>Centcom, USA:s milit\u00e4rkommando i regionen, beskriver attacken som ett bakh\u00e5ll utf\u00f6rt av en ensam bev\u00e4pnad IS-man i ett inl\u00e4gg p\u00e5 <a id=\"ndiuvq7zNlcSR9zC\" href=\"https:\/\/x.com\/CENTCOM\/status\/1999883271035822281\" rel=\"nofollow\">X<\/a>.<\/p>\n<p>Enligt k\u00e4llor till det brittiskbaserade Syriska m\u00e4nniskor\u00e4ttsobservatoriet (SOHR) utf\u00f6rdes attacken av en anst\u00e4lld inom de syriska s\u00e4kerhetsstyrkorna.<\/p>\n<p>Hade flaggats<\/p>\n<p>Det verkar bekr\u00e4ftas av det syriska inrikesdepartementets talesperson Nour Eddin al-Baba. I en tv-intervju s\u00e4ger han att angriparen inte hade n\u00e5gon ledarroll i s\u00e4kerhetsstyrkorna men att han nyligen hade flaggats som en potentiell extremist, uppger den statsstyrda nyhetsbyr\u00e5n Sana.<\/p>\n<p>Talespersonen s\u00e4ger att man hade f\u00f6rvarnat den USA-ledda internationella koalitionen, som bek\u00e4mpar det som kvarst\u00e5r av terrorgruppen IS i Syrien.<\/p>\n<p>\u2013 Den internationella koalitionen h\u00f6rsammade inte varningarna om m\u00f6jlig infiltration av IS, s\u00e4ger han.<\/p>\n<p>Huruvida personen hade direkta kopplingar till IS eller endast var en sympatis\u00f6r ska utredas.<\/p>\n","protected":false},"excerpt":{"rendered":"Attacken skedde enligt Pentagon i Palmyra, d\u00e4r amerikanerna ingick i en delegation tillsammans med syriska s\u00e4kerhetsstyrkor med syfte&hellip;\n","protected":false},"author":2,"featured_media":106205,"comment_status":"","ping_status":"","sticky":false,"template":"","format":"standard","meta":{"footnotes":""},"categories":[5],"tags":[22,23,26,27,17,21,24,25,28,29,15,16,18,34,31,33,32,30,19,20],"class_list":{"0":"post-106204","1":"post","2":"type-post","3":"status-publish","4":"format-standard","5":"has-post-thumbnail","7":"category-rubriker","8":"tag-breaking-news","9":"tag-breakingnews","10":"tag-featured-news","11":"tag-featurednews","12":"tag-headlines","13":"tag-huvudnyheter","14":"tag-latest-news","15":"tag-latestnews","16":"tag-main-news","17":"tag-mainnews","18":"tag-news","19":"tag-nyheter","20":"tag-rubriker","21":"tag-se","22":"tag-svenska","23":"tag-sverige","24":"tag-sweden","25":"tag-swedish","26":"tag-top-stories","27":"tag-topstories"},"share_on_mastodon":{"url":"https:\/\/pubeurope.com\/@se\/115721719229283479","error":""},"_links":{"self":[{"href":"https:\/\/www.europesays.com\/se\/wp-json\/wp\/v2\/posts\/106204","targetHints":{"allow":["GET"]}}],"collection":[{"href":"https:\/\/www.europesays.com\/se\/wp-json\/wp\/v2\/posts"}],"about":[{"href":"https:\/\/www.europesays.com\/se\/wp-json\/wp\/v2\/types\/post"}],"author":[{"embeddable":true,"href":"https:\/\/www.europesays.com\/se\/wp-json\/wp\/v2\/users\/2"}],"replies":[{"embeddable":true,"href":"https:\/\/www.europesays.com\/se\/wp-json\/wp\/v2\/comments?post=106204"}],"version-history":[{"count":0,"href":"https:\/\/www.europesays.com\/se\/wp-json\/wp\/v2\/posts\/106204\/revisions"}],"wp:featuredmedia":[{"embeddable":true,"href":"https:\/\/www.europesays.com\/se\/wp-json\/wp\/v2\/media\/106205"}],"wp:attachment":[{"href":"https:\/\/www.europesays.com\/se\/wp-json\/wp\/v2\/media?parent=106204"}],"wp:term":[{"taxonomy":"category","embeddable":true,"href":"https:\/\/www.europesays.com\/se\/wp-json\/wp\/v2\/categories?post=106204"},{"taxonomy":"post_tag","embeddable":true,"href":"https:\/\/www.europesays.com\/se\/wp-json\/wp\/v2\/tags?post=106204"}],"curies":[{"name":"wp","href":"https:\/\/api.w.org\/{rel}","templated":true}]}}