{"id":106208,"date":"2025-12-15T04:49:09","date_gmt":"2025-12-15T04:49:09","guid":{"rendered":"https:\/\/www.europesays.com\/se\/106208\/"},"modified":"2025-12-15T04:49:09","modified_gmt":"2025-12-15T04:49:09","slug":"kunskap-saknas-om-vald-mot-aldre","status":"publish","type":"post","link":"https:\/\/www.europesays.com\/se\/106208\/","title":{"rendered":"Kunskap saknas om v\u00e5ld mot \u00e4ldre"},"content":{"rendered":"<p class=\"ingress\">&#13;<br \/>\n\t\t\t\t\t\t\t\t\t\t\tDet finns fortfarande mycket stora kunskapsluckor n\u00e4r det g\u00e4ller v\u00e5ld mot \u00e4ldre och v\u00e5ld mot personer med funktionsneds\u00e4ttningar. Det menar Sveriges kommuner och regioner (SKR) som nu f\u00e5r pengar fr\u00e5n staten.\t\t\t\t\t\t\t\t\t\t<\/p>\n<p>&#13;<br \/>\n\t\t\t\t\t\t\t\t\t\t\t\t\t\tJan Arleij\t\t\t\t\t\t\t\t\t\t\t\t\t<\/p>\n<p>&#13;<br \/>\n\t\t\t\t\t\t\t\t\t\t\t\t\t\tPublicerad 2025-12-15&#13;\n\t\t\t\t\t\t\t\t\t\t\t\t\t<\/p>\n<p>Regeringen beslutade i f\u00f6rra veckan att ge 1,5 miljoner till SKR till arbetet med st\u00f6d till kommunala och regionala arbetsgivare n\u00e4r det g\u00e4ller att uppt\u00e4cka v\u00e5ld i n\u00e4ra relationer och hedersrelaterat v\u00e5ld och f\u00f6rtryck bland anst\u00e4llda.<\/p>\n<p>Pengarna ska ocks\u00e5 r\u00e4cka till SKRs arbete f\u00f6r att minska v\u00e5ldsutsattheten hos \u00e4ldre och personer med funktionsneds\u00e4ttning som de kommunala verksamheterna m\u00f6ter.<\/p>\n<p>\u2013 Genom det h\u00e4r beslutet ser vi till att viktiga \u00e5tg\u00e4rder fortsatt kan g\u00f6ras p\u00e5 regional och lokal niv\u00e5. Nu \u00f6kar ocks\u00e5 f\u00f6ruts\u00e4ttningarna att n\u00e5 de allra mest s\u00e5rbara, s\u00e4ger j\u00e4mst\u00e4lldhetsminister Nina Larsson (L) i en presskommentar.<\/p>\n<p>Oacceptabelt l\u00e4ge<\/p>\n<p>Socialminister Jakob Forssmed (KD) framh\u00e5ller att st\u00f6det g\u00f6r att kommuner och regioner b\u00e4ttre kan uppt\u00e4cka och f\u00f6rebygga v\u00e5ld, inte minst mot \u00e4ldre och personer med funktionsneds\u00e4ttning.<\/p>\n<p>Kunskapsluckorna om v\u00e5ld mot \u00e4ldre m\u00e5ste fyllas igen, s\u00e4ger \u00e4ldre- och socialf\u00f6rs\u00e4kringsminister Anna Tenje (M).<\/p>\n<p>\u2013 \u00c4ldre ska kunna sig trygga och s\u00e4kra i v\u00e5rt samh\u00e4lle, inget annat kan accepteras.<\/p>\n<p>V\u00e5ldet forts\u00e4tter<\/p>\n<p>V\u00e5ldet g\u00e5r inte i pension, s\u00e4ger hon och travesterar d\u00e4rmed en kampanj som SPF Seniorerna <a href=\"https:\/\/www.senioren.se\/ekonomi-pension\/spf-driver-kampanj-mot-valdet\/\" rel=\"nofollow noopener\" target=\"_blank\">drivit<\/a> under l\u00e5ng tid.<\/p>\n<p>\u2013 Alldeles f\u00f6r ofta h\u00f6r vi om framf\u00f6r allt \u00e4ldre kvinnor som uts\u00e4tts f\u00f6r fysiskt, psykiskt och sexuellt v\u00e5ld och som inte blir tagna p\u00e5 allvar, s\u00e4ger Anna Tenje.<\/p>\n<p>\t\t\t\t\t\t\t\t\t\t\t&#13;<br \/>\n\t\t\t\t\t\t\tNya f\u00f6rs\u00f6k att stoppa brotten\t\t\t\t\t\t<\/p>\n<p><strong>F\u00f6r att bek\u00e4mpa \u00e4ldrebrotten<\/strong> inom omsorgen ger nu regeringen Socialstyrelsen i uppdrag att kartl\u00e4gga \u00e4ldreomsorgens rutiner.<\/p>\n<p>\u2013 Vi m\u00e5ste g\u00f6ra <strong>det som st\u00e5r i v\u00e5r makt<\/strong> f\u00f6r att f\u00f6rhindra att \u00e4ldre uts\u00e4tts f\u00f6r st\u00f6ld, v\u00e5ld och v\u00e5ldt\u00e4kter, s\u00e4ger \u00e4ldre- och socialf\u00f6rs\u00e4kringsminister Anna Tenje (M).<\/p>\n<p><a href=\"https:\/\/www.europesays.com\/se\/wp-content\/uploads\/2025\/12\/annatenje.jpg\"><img loading=\"lazy\" decoding=\"async\" width=\"620\" height=\"491\" src=\"https:\/\/www.europesays.com\/se\/wp-content\/uploads\/2025\/12\/annatenje.jpg\" alt=\"\" class=\"wp-image-245502\" style=\"width:356px;height:auto\"  \/><\/a>Anna Tenje.<\/p>\n<p>Regeringen konstaterar i ett pressmeddelande att \u201dSocialtj\u00e4nsten <strong>beh\u00f6ver st\u00f6d<\/strong> f\u00f6r att b\u00e4ttre f\u00f6rebygga brottslighet\u201d och att socialtj\u00e4nsten beh\u00f6ver \u201dutg\u00f6ra ett st\u00f6d f\u00f6r \u00e4ldre som har utsatts f\u00f6r brott\u201d.<\/p>\n<p>Det \u00e4r framf\u00f6r allt <strong>tre saker <\/strong>som Socialstyrelsen nu ska g\u00f6ra f\u00f6r att f\u00f6rb\u00e4ttra situationen. En slutredovisning till regeringen ska ske senast 1 december 2026.<\/p>\n<p><a href=\"https:\/\/www.europesays.com\/se\/wp-content\/uploads\/2025\/12\/socialstyrelsen.jpg\"><img loading=\"lazy\" decoding=\"async\" width=\"800\" height=\"538\" src=\"https:\/\/www.europesays.com\/se\/wp-content\/uploads\/2025\/12\/socialstyrelsen.jpg\" alt=\"\" class=\"wp-image-225250\" style=\"width:360px;height:auto\"  \/><\/a><\/p>\n<p>\u2022 kartl\u00e4gga <strong>f\u00f6rekomsten av kontroller<\/strong> av uppgifter ur misstankeregistret och belastningsregistret n\u00e4r det g\u00e4ller personal inom \u00e4ldreomsorgen<br \/>\u2022 <strong>kartl\u00e4gga riktlinjer eller rutiner<\/strong> inom socialtj\u00e4nsten n\u00e4r det finns misstankar om brott mot \u00e4ldre personer<br \/>\u2022 utveckla st\u00f6d till socialtj\u00e4nsten att utan hinder av sekretess <strong>l\u00e4mna uppgifter<\/strong> till brottsbek\u00e4mpande myndigheter om man misst\u00e4nker brott<\/p>\n<p>&#13;<br \/>\n\t\t\t\t\t\t\t\t\t\t\t\t\tJan Arleij\t\t\t\t\t\t\t\t\t\t\t\t<\/p>\n<p>&#13;<br \/>\n\t\t\t\t\t\t\t\t\t\t\t\t\tPublicerad 2025-12-15&#13;\n\t\t\t\t\t\t\t\t\t\t\t\t<\/p>\n","protected":false},"excerpt":{"rendered":"&#13; Det finns fortfarande mycket stora kunskapsluckor n\u00e4r det g\u00e4ller v\u00e5ld mot \u00e4ldre och v\u00e5ld mot personer med&hellip;\n","protected":false},"author":2,"featured_media":106209,"comment_status":"","ping_status":"","sticky":false,"template":"","format":"standard","meta":{"footnotes":""},"categories":[12],"tags":[22,23,26,27,17,21,24,25,28,29,15,16,18,34,31,33,32,30,19,20],"class_list":{"0":"post-106208","1":"post","2":"type-post","3":"status-publish","4":"format-standard","5":"has-post-thumbnail","7":"category-sverige","8":"tag-breaking-news","9":"tag-breakingnews","10":"tag-featured-news","11":"tag-featurednews","12":"tag-headlines","13":"tag-huvudnyheter","14":"tag-latest-news","15":"tag-latestnews","16":"tag-main-news","17":"tag-mainnews","18":"tag-news","19":"tag-nyheter","20":"tag-rubriker","21":"tag-se","22":"tag-svenska","23":"tag-sverige","24":"tag-sweden","25":"tag-swedish","26":"tag-top-stories","27":"tag-topstories"},"share_on_mastodon":{"url":"https:\/\/pubeurope.com\/@se\/115721782414441748","error":""},"_links":{"self":[{"href":"https:\/\/www.europesays.com\/se\/wp-json\/wp\/v2\/posts\/106208","targetHints":{"allow":["GET"]}}],"collection":[{"href":"https:\/\/www.europesays.com\/se\/wp-json\/wp\/v2\/posts"}],"about":[{"href":"https:\/\/www.europesays.com\/se\/wp-json\/wp\/v2\/types\/post"}],"author":[{"embeddable":true,"href":"https:\/\/www.europesays.com\/se\/wp-json\/wp\/v2\/users\/2"}],"replies":[{"embeddable":true,"href":"https:\/\/www.europesays.com\/se\/wp-json\/wp\/v2\/comments?post=106208"}],"version-history":[{"count":0,"href":"https:\/\/www.europesays.com\/se\/wp-json\/wp\/v2\/posts\/106208\/revisions"}],"wp:featuredmedia":[{"embeddable":true,"href":"https:\/\/www.europesays.com\/se\/wp-json\/wp\/v2\/media\/106209"}],"wp:attachment":[{"href":"https:\/\/www.europesays.com\/se\/wp-json\/wp\/v2\/media?parent=106208"}],"wp:term":[{"taxonomy":"category","embeddable":true,"href":"https:\/\/www.europesays.com\/se\/wp-json\/wp\/v2\/categories?post=106208"},{"taxonomy":"post_tag","embeddable":true,"href":"https:\/\/www.europesays.com\/se\/wp-json\/wp\/v2\/tags?post=106208"}],"curies":[{"name":"wp","href":"https:\/\/api.w.org\/{rel}","templated":true}]}}