{"id":106210,"date":"2025-12-15T05:07:14","date_gmt":"2025-12-15T05:07:14","guid":{"rendered":"https:\/\/www.europesays.com\/se\/106210\/"},"modified":"2025-12-15T05:07:14","modified_gmt":"2025-12-15T05:07:14","slug":"regissoren-rob-reiner-och-frun-hittade-doda-i-hemmet","status":"publish","type":"post","link":"https:\/\/www.europesays.com\/se\/106210\/","title":{"rendered":"Regiss\u00f6ren Rob Reiner och frun hittade d\u00f6da i hemmet"},"content":{"rendered":"<p>Publicerad 15 dec 2025 kl 04.01Uppdaterad kl 06.04<\/p>\n<p>En man och en kvinna har hittats d\u00f6da i \u201dN\u00e4r Harry m\u00f6tte Sally\u201d-regiss\u00f6ren Rob Reiners hus, skriver <a href=\"https:\/\/pagesix.com\/2025\/12\/14\/celebrity-news\/two-found-dead-at-director-rob-reiners-home-confirmed-by-los-angeles-police\/\" rel=\"nofollow noopener\" target=\"_blank\">Page Six<\/a>.<\/p>\n<p>En talesperson f\u00f6r familjen bekr\u00e4ftar att det \u00e4r Reiner och frun som hittats.<\/p>\n<p>D\u00f6dsfallen utreds som mord.<\/p>\n<p>Senaste nyhetsklippen fr\u00e5n Expressen.<img   alt=\"\"\/><\/p>\n<p>Michele Singer Reiner och Rob Reiner.<\/p>\n<p>Foto: POPULAR IMAGES \/ BESTIMAGE \/ STELLA PICTURES \/ FAMEFLYNET FAMEFLYNET FRANCE<\/p>\n<p>\u00d6ppna bild i helsk\u00e4rm<img loading=\"lazy\"   alt=\"\"\/> <\/p>\n<p>Foto: ETHAN SWOPE \/ AP TT NYHETSBYR\u00c5N<\/p>\n<p>\u00d6ppna bild i helsk\u00e4rm<img loading=\"lazy\"   alt=\"\"\/> <\/p>\n<p>Foto: ETHAN SWOPE \/ AP TT NYHETSBYR\u00c5N<\/p>\n<p>\u00d6ppna bild i helsk\u00e4rm<img loading=\"lazy\"   alt=\"\"\/> <\/p>\n<p>Foto: ETHAN SWOPE \/ AP TT NYHETSBYR\u00c5N<\/p>\n<p>\u00d6ppna bild i helsk\u00e4rm<img loading=\"lazy\"   alt=\"\"\/> <\/p>\n<p>Foto: AGENCY\/NURPHOTO\/SHUTTERSTOCK \/ SHUTTERSTOCK EDITORIAL\/IBL<\/p>\n<p>\u00d6ppna bild i helsk\u00e4rm<img loading=\"lazy\"   alt=\"\"\/> <\/p>\n<p>Foto: AGENCY\/NURPHOTO\/SHUTTERSTOCK \/ SHUTTERSTOCK EDITORIAL\/IBL<\/p>\n<p>\u00d6ppna bild i helsk\u00e4rm<img loading=\"lazy\"   alt=\"\"\/> <\/p>\n<p>Foto: ETHAN SWOPE \/ AP TT NYHETSBYR\u00c5N<\/p>\n<p>\u00d6ppna bild i helsk\u00e4rm<\/p>\n<p>Regiss\u00f6ren Rob Reiner \u00e4r k\u00e4nd f\u00f6r framg\u00e5ngsrika filmer som \u201dStand by me (1986), \u201dN\u00e4r Harry m\u00f6tte Sally\u201d (1989), \u201dP\u00e5 heder och samvete\u201d (1992) och \u201dS\u00f6mnl\u00f6s i Seattle\u201d (1993). P\u00e5 s\u00f6ndagseftermiddagen hittades tv\u00e5 personer d\u00f6da i ett hus i Brentwood, <a href=\"https:\/\/www.expressen.se\/tagg\/location\/los-angeles\/\" class=\"\" rel=\"nofollow noopener\" target=\"_blank\">Los Angeles<\/a>, som \u00e4gs av Reiner.<\/p>\n<p>Det r\u00f6r sig om en man och en kvinna. Omst\u00e4ndigheterna kring d\u00f6dsfallen har inte bekr\u00e4ftats officiellt, men personerna som hittades d\u00f6da bed\u00f6ms ha varit ungef\u00e4r 78 respektive 68 \u00e5r gamla.<\/p>\n<p>Grannarna bekr\u00e4ftade f\u00f6r <a href=\"https:\/\/www.nbclosangeles.com\/investigations\/2-found-dead-at-brentwood-mansion-owned-by-director-rob-reiner\/3815886\/\" rel=\"nofollow noopener\" target=\"_blank\">NBC Los Angeles<\/a> att Reiner och hans fru Michele Singer Reiner bor i huset. De har varit gifta sedan 1989 och har tre barn ihop.<\/p>\n<p>En talesperson f\u00f6r familjen har bekr\u00e4ftat att det \u00e4r Reiner och frun som hittats d\u00f6da.<\/p>\n<p>Platsen \u00e4r avsp\u00e4rrad och det p\u00e5g\u00e5r en stor polisinsats.\u00a0<\/p>\n<p>Polisen har inlett en mordutredning.<\/p>\n","protected":false},"excerpt":{"rendered":"Publicerad 15 dec 2025 kl 04.01Uppdaterad kl 06.04 En man och en kvinna har hittats d\u00f6da i \u201dN\u00e4r&hellip;\n","protected":false},"author":2,"featured_media":106211,"comment_status":"","ping_status":"","sticky":false,"template":"","format":"standard","meta":{"footnotes":""},"categories":[5],"tags":[22,23,26,27,17,21,24,25,1997,28,29,15,16,18,34,31,33,32,30,19,427,20],"class_list":{"0":"post-106210","1":"post","2":"type-post","3":"status-publish","4":"format-standard","5":"has-post-thumbnail","7":"category-rubriker","8":"tag-breaking-news","9":"tag-breakingnews","10":"tag-featured-news","11":"tag-featurednews","12":"tag-headlines","13":"tag-huvudnyheter","14":"tag-latest-news","15":"tag-latestnews","16":"tag-location-los-angeles","17":"tag-main-news","18":"tag-mainnews","19":"tag-news","20":"tag-nyheter","21":"tag-rubriker","22":"tag-se","23":"tag-svenska","24":"tag-sverige","25":"tag-sweden","26":"tag-swedish","27":"tag-top-stories","28":"tag-topic-dodsfall","29":"tag-topstories"},"share_on_mastodon":{"url":"https:\/\/pubeurope.com\/@se\/115721852883927404","error":""},"_links":{"self":[{"href":"https:\/\/www.europesays.com\/se\/wp-json\/wp\/v2\/posts\/106210","targetHints":{"allow":["GET"]}}],"collection":[{"href":"https:\/\/www.europesays.com\/se\/wp-json\/wp\/v2\/posts"}],"about":[{"href":"https:\/\/www.europesays.com\/se\/wp-json\/wp\/v2\/types\/post"}],"author":[{"embeddable":true,"href":"https:\/\/www.europesays.com\/se\/wp-json\/wp\/v2\/users\/2"}],"replies":[{"embeddable":true,"href":"https:\/\/www.europesays.com\/se\/wp-json\/wp\/v2\/comments?post=106210"}],"version-history":[{"count":0,"href":"https:\/\/www.europesays.com\/se\/wp-json\/wp\/v2\/posts\/106210\/revisions"}],"wp:featuredmedia":[{"embeddable":true,"href":"https:\/\/www.europesays.com\/se\/wp-json\/wp\/v2\/media\/106211"}],"wp:attachment":[{"href":"https:\/\/www.europesays.com\/se\/wp-json\/wp\/v2\/media?parent=106210"}],"wp:term":[{"taxonomy":"category","embeddable":true,"href":"https:\/\/www.europesays.com\/se\/wp-json\/wp\/v2\/categories?post=106210"},{"taxonomy":"post_tag","embeddable":true,"href":"https:\/\/www.europesays.com\/se\/wp-json\/wp\/v2\/tags?post=106210"}],"curies":[{"name":"wp","href":"https:\/\/api.w.org\/{rel}","templated":true}]}}