{"id":106214,"date":"2025-12-15T05:14:07","date_gmt":"2025-12-15T05:14:07","guid":{"rendered":"https:\/\/www.europesays.com\/se\/106214\/"},"modified":"2025-12-15T05:14:07","modified_gmt":"2025-12-15T05:14:07","slug":"stod-for-personer-som-utsatts-for-hedersrelaterat-vald-och-fortryck-ska-finnas-i-hela-landet","status":"publish","type":"post","link":"https:\/\/www.europesays.com\/se\/106214\/","title":{"rendered":"St\u00f6d f\u00f6r personer som uts\u00e4tts f\u00f6r hedersrelaterat v\u00e5ld och f\u00f6rtryck ska finnas i hela landet"},"content":{"rendered":"<p>&#13;<br \/>\nL\u00e4nsstyrelserna f\u00e5r regeringens uppdrag att samordna utvecklingen av regionala resurscentrum mot hedersrelaterat v\u00e5ld och f\u00f6rtryck i hela landet. Polismyndigheten f\u00e5r i uppdrag att bidra i arbetet samt att se \u00f6ver hur formerna f\u00f6r polisens arbete vid regionala resurscentrum b\u00f6r se ut och hur det kan utvecklas. Syftet \u00e4r att personer som \u00e4r eller riskerar att bli utsatta f\u00f6r hedersrelaterat v\u00e5ld och f\u00f6rtryck ska f\u00e5 tillg\u00e5ng till specialiserat och j\u00e4mlikt st\u00f6d oavsett vistelseort. <\/p>\n<p>L\u00e4nsstyrelsen i \u00d6sterg\u00f6tlands l\u00e4n har sedan 2018 haft regeringens uppdrag att samordna arbetet med att utveckla regionala resurscentrum mot hedersrelaterat v\u00e5ld och f\u00f6rtryck. Det finns i dag 16 resurscentrum i 13 av 21 l\u00e4n som finansieras av regeringen. Verksamheten vid regionala resurscentrum mot hedersrelaterat v\u00e5ld f\u00f6rtryck b\u00f6r fungera som en samverkansform f\u00f6r att s\u00e4kerst\u00e4lla tidiga gemensamma \u00e5tg\u00e4rder f\u00f6r st\u00f6d och skydd till v\u00e5ldsutsatta.<\/p>\n<p>\u2013 Vi beh\u00f6ver st\u00e4rka och prioritera arbetet mot hedersrelaterat v\u00e5ld och f\u00f6rtryck s\u00e5 att alla v\u00e5ldsutsatta i Sverige f\u00e5r ett mer likv\u00e4rdigt och b\u00e4ttre st\u00f6d. I dag ser vi stora skillnader \u00f6ver landet. Det \u00e4r inte acceptabelt. D\u00e4rf\u00f6r g\u00f6r vi nu st\u00f6det l\u00e5ngsiktigt genom att permanenta resurserna, och vi h\u00f6jer ambitionsniv\u00e5n ytterligare. Vi tills\u00e4tter nu nya resurser och s\u00e4kerst\u00e4ller att detta arbete prioriteras i hela landet, s\u00e4ger j\u00e4mst\u00e4lldhetsminister Nina Larsson.<\/p>\n<p>Regeringens beslut inneb\u00e4r att l\u00e4nsstyrelserna och Polismyndigheten f\u00e5r i uppgift att st\u00e4rka den regionala samverkan. Prim\u00e4ra samverkansakt\u00f6rer \u00e4r socialtj\u00e4nst, polis samt h\u00e4lso- och sjukv\u00e5rd. \u00c4ven \u00e5klagare, skola och civilsamh\u00e4lle \u00e4r relevanta f\u00f6r att arbetet ska bli effektivt och \u00e4ndam\u00e5lsenligt. Beslutet som nu fattats inneb\u00e4r att arbetet f\u00f6r b\u00e4ttre st\u00f6d och skydd f\u00f6r v\u00e5ldsutsatta intensifieras i hela landet.<\/p>\n<p>\u2013 Nu agerar vi f\u00f6r att st\u00e4rka arbetet mot hedersrelaterat v\u00e5ld och f\u00f6rtryck p\u00e5 fler st\u00e4llen i landet. Med ett b\u00e4ttre samarbete mellan socialtj\u00e4nst, polis, civilsamh\u00e4lle och andra viktiga akt\u00f6rer kan st\u00f6det och skyddet f\u00f6r v\u00e5ldsutsatta st\u00e4rkas, s\u00e4ger civilminister Erik Slottner.<\/p>\n<p>\u2013 Hedersrelaterat v\u00e5ld och f\u00f6rtryck f\u00e5r aldrig accepteras. Nu st\u00e4rker vi samverkan s\u00e5 att v\u00e5ldsutsatta ska f\u00e5 det st\u00f6d de har r\u00e4tt till, oavsett var i landet man bor, s\u00e4ger socialtj\u00e4nstminister Camilla Waltersson Gr\u00f6nvall.<\/p>\n<p>Ett uppdrag till l\u00e4nsstyrelserna och Polismyndigheten \u00e4r ett viktigt led i regeringens arbete med att n\u00e5 det j\u00e4mst\u00e4lldhetspolitiska delm\u00e5let att hedersrelaterat v\u00e5ld och f\u00f6rtryck ska upph\u00f6ra och att alla, oavsett k\u00f6n, genom hela livet ska ha samma r\u00e4tt och m\u00f6jlighet att leva sitt liv utan att begr\u00e4nsas av kollektivt grundade hedersnormer.<\/p>\n<p>Fr\u00e5n och med januari 2028 ska st\u00f6d och finansiering till l\u00e4nsstyrelsernas arbete ing\u00e5 myndigheternas ordinarie strukturer.<\/p>\n<p>L\u00e4nsstyrelsen \u00d6sterg\u00f6tland ska senast den 1 mars 2028 l\u00e4mna en samlad slutredovisning av uppdraget till Regeringskansliet.<\/p>\n","protected":false},"excerpt":{"rendered":"&#13; L\u00e4nsstyrelserna f\u00e5r regeringens uppdrag att samordna utvecklingen av regionala resurscentrum mot hedersrelaterat v\u00e5ld och f\u00f6rtryck i hela&hellip;\n","protected":false},"author":2,"featured_media":67452,"comment_status":"","ping_status":"","sticky":false,"template":"","format":"standard","meta":{"footnotes":""},"categories":[12],"tags":[22,23,26,27,17,21,24,25,28,29,15,16,18,34,31,33,32,30,19,20],"class_list":{"0":"post-106214","1":"post","2":"type-post","3":"status-publish","4":"format-standard","5":"has-post-thumbnail","7":"category-sverige","8":"tag-breaking-news","9":"tag-breakingnews","10":"tag-featured-news","11":"tag-featurednews","12":"tag-headlines","13":"tag-huvudnyheter","14":"tag-latest-news","15":"tag-latestnews","16":"tag-main-news","17":"tag-mainnews","18":"tag-news","19":"tag-nyheter","20":"tag-rubriker","21":"tag-se","22":"tag-svenska","23":"tag-sverige","24":"tag-sweden","25":"tag-swedish","26":"tag-top-stories","27":"tag-topstories"},"share_on_mastodon":{"url":"https:\/\/pubeurope.com\/@se\/115721880438715957","error":""},"_links":{"self":[{"href":"https:\/\/www.europesays.com\/se\/wp-json\/wp\/v2\/posts\/106214","targetHints":{"allow":["GET"]}}],"collection":[{"href":"https:\/\/www.europesays.com\/se\/wp-json\/wp\/v2\/posts"}],"about":[{"href":"https:\/\/www.europesays.com\/se\/wp-json\/wp\/v2\/types\/post"}],"author":[{"embeddable":true,"href":"https:\/\/www.europesays.com\/se\/wp-json\/wp\/v2\/users\/2"}],"replies":[{"embeddable":true,"href":"https:\/\/www.europesays.com\/se\/wp-json\/wp\/v2\/comments?post=106214"}],"version-history":[{"count":0,"href":"https:\/\/www.europesays.com\/se\/wp-json\/wp\/v2\/posts\/106214\/revisions"}],"wp:featuredmedia":[{"embeddable":true,"href":"https:\/\/www.europesays.com\/se\/wp-json\/wp\/v2\/media\/67452"}],"wp:attachment":[{"href":"https:\/\/www.europesays.com\/se\/wp-json\/wp\/v2\/media?parent=106214"}],"wp:term":[{"taxonomy":"category","embeddable":true,"href":"https:\/\/www.europesays.com\/se\/wp-json\/wp\/v2\/categories?post=106214"},{"taxonomy":"post_tag","embeddable":true,"href":"https:\/\/www.europesays.com\/se\/wp-json\/wp\/v2\/tags?post=106214"}],"curies":[{"name":"wp","href":"https:\/\/api.w.org\/{rel}","templated":true}]}}