{"id":106215,"date":"2025-12-15T05:15:19","date_gmt":"2025-12-15T05:15:19","guid":{"rendered":"https:\/\/www.europesays.com\/se\/106215\/"},"modified":"2025-12-15T05:15:19","modified_gmt":"2025-12-15T05:15:19","slug":"surt-inom-demokraterna-brak-och-anklagelser","status":"publish","type":"post","link":"https:\/\/www.europesays.com\/se\/106215\/","title":{"rendered":"Surt inom Demokraterna: Br\u00e5k och anklagelser"},"content":{"rendered":"<p>share-arrowDela<\/p>\n<p>unsaveSpara<\/p>\n<p>chevron-leftf\u00f6reg\u00e5ende<\/p>\n<ul class=\"carousel-container-viewport\" style=\"transform:translate3d(0%, 0, 0)\">\n<li class=\"carousel-slide\" style=\"z-index:1;filter:none(1);padding-bottom:66.78947%\"><img decoding=\"async\" class=\"image-asset hyperion-css-u06ts1\" data-test-tag=\"image-asset\" src=\"https:\/\/www.europesays.com\/se\/wp-content\/uploads\/2025\/12\/4ddb752d-27f8-48e7-93df-e202f730cca7\"  alt=\"\"  fetchpriority=\"auto\" style=\"aspect-ratio:1900 \/ 1269\"\/><\/li>\n<li class=\"carousel-slide\" style=\"filter:none(0.3);padding-bottom:66.78947%\"><img decoding=\"async\" class=\"image-asset hyperion-css-u06ts1\" data-test-tag=\"image-asset\" src=\"https:\/\/www.europesays.com\/se\/wp-content\/uploads\/2025\/12\/abc002e9-0bbf-4e21-bafb-c87049743303\"  alt=\"\"  fetchpriority=\"auto\" style=\"aspect-ratio:1900 \/ 1267\"\/><\/li>\n<\/ul>\n<p>expand-left<\/p>\n<p>helsk\u00e4rmchevron-rightn\u00e4staUSA:s h\u00e4lsominister Robert\u00a0F Kennedy och president Donald Trump, fotograferade under fjol\u00e5rets valr\u00f6relse.<\/p>\n<p>1 \/ 2Foto: Alex Brandon\/AP\/TT<\/p>\n<p class=\"hyperion-css-1shl3oz\" data-test-tag=\"lead-text\">Ilska \u00f6ver riksr\u00e4ttsanklagelser och interna strider.<\/p>\n<p class=\"hyperion-css-1shl3oz\" data-test-tag=\"lead-text\">Frustrationen \u00f6ver president Donald Trumps styre sliter p\u00e5 oppositionspartiet Demokraterna.<\/p>\n<p class=\"hyperion-css-1v9qo5x\">\u201cRFK junior m\u00e5ste bort. I dag har jag lagt fram riksr\u00e4ttsanklagelser f\u00f6r att avs\u00e4tta honom\u201d.<\/p>\n<p class=\"hyperion-css-1v9qo5x\">Michigandemokraten Haley Stevens ser bister ut i videon d\u00e4r hon anklagar USA:s h\u00e4lsominister Robert\u00a0F Kennedy f\u00f6r att strunta i vetenskap, folkh\u00e4lsa och sina landsm\u00e4ns s\u00e4kerhet.<\/p>\n<p>Sl\u00f6seri med tid?<\/p>\n<p class=\"hyperion-css-1v9qo5x\">Hon \u00e4r inte ensam. M\u00e5nga partikamrater har luftat ilska \u00f6ver Kennedys vaccinskepsis. Men Stevens riksr\u00e4ttsinitiativ, som lades fram i veckan, fick \u00e4nd\u00e5 inte st\u00f6d av minoritetsledare Hakeem Jeffries. New York-demokraten s\u00e4ger att han inte hunnit l\u00e4sa inlagan.<\/p>\n<p class=\"hyperion-css-1v9qo5x\">\u2013 Vet du vad jag \u00e4r fokuserad p\u00e5? Att s\u00e4kerst\u00e4lla att USA:s folk inte blir av med sin sjukv\u00e5rd, s\u00e4ger Jeffries till Axios, syftande p\u00e5 att subventionen av v\u00e5rd inom ramarna f\u00f6r \u201dObamacare\u201d l\u00f6per ut vid \u00e5rsskiftet.<\/p>\n<p class=\"hyperion-css-1v9qo5x\">Sannolikt h\u00e5ller Jeffries med Stevens i sak r\u00f6rande Kennedy. Men Demokraterna \u00e4r i minoritet i b\u00e5de representanthuset och senaten, och flera profiler anser att protester i form av riksr\u00e4ttsanklagelser \u00e4r sl\u00f6seri med tid som distraherar fr\u00e5n viktig realpolitik och arbetet med att f\u00e5 fram en presidentkandidat som partiet kan enas kring.<\/p>\n<p>V\u00e4ljare pressar<\/p>\n<p class=\"hyperion-css-1v9qo5x\">St\u00e4mningen inom Demokraterna \u00e4r anstr\u00e4ngd, enligt flera medier. Detta i synnerhet d\u00e5 kongressledam\u00f6ter pressas av v\u00e4ljare i sina hemtrakter att s\u00e4tta ner foten gentemot Vita husets politik.<\/p>\n<p class=\"hyperion-css-1v9qo5x\">Tidigare i \u00e5r tvingade Texasdemokraten Al Green fram en omr\u00f6stning om riksr\u00e4ttsanklagelser gentemot president Donald Trump. Den d\u00f6dades snabbt, d\u00e5 m\u00e5nga demokratiska ledam\u00f6ter s\u00e4llade sig till Republikanerna och r\u00f6stade nej.<\/p>\n<p class=\"hyperion-css-1v9qo5x\">Demokraten Shri Thanedar, som likt Stevens \u00e4r fr\u00e5n Michigan, har ocks\u00e5 gjort ett misslyckat f\u00f6rs\u00f6k att st\u00e4lla Trump inf\u00f6r riksr\u00e4tt. Han har \u00e4ven lagt fram fruktl\u00f6sa riksr\u00e4ttsanklagelser mot krigsminister Pete Hegseth.<\/p>\n<p class=\"hyperion-css-1v9qo5x\">F\u00f6r att v\u00e4cka ett riksr\u00e4tts\u00e5tal kr\u00e4vs enkel majoritet i representanthuset. Men f\u00f6r f\u00e4llande dom kr\u00e4vs tv\u00e5 tredjedelars majoritet i senaten, som agerar domstol, enligt USA:s grundlag.<\/p>\n","protected":false},"excerpt":{"rendered":"share-arrowDela unsaveSpara chevron-leftf\u00f6reg\u00e5ende expand-left helsk\u00e4rmchevron-rightn\u00e4staUSA:s h\u00e4lsominister Robert\u00a0F Kennedy och president Donald Trump, fotograferade under fjol\u00e5rets valr\u00f6relse. 1 \/&hellip;\n","protected":false},"author":2,"featured_media":106216,"comment_status":"","ping_status":"","sticky":false,"template":"","format":"standard","meta":{"footnotes":""},"categories":[5],"tags":[22,23,26,27,17,21,24,25,28,29,15,16,18,34,31,33,32,30,19,20],"class_list":{"0":"post-106215","1":"post","2":"type-post","3":"status-publish","4":"format-standard","5":"has-post-thumbnail","7":"category-rubriker","8":"tag-breaking-news","9":"tag-breakingnews","10":"tag-featured-news","11":"tag-featurednews","12":"tag-headlines","13":"tag-huvudnyheter","14":"tag-latest-news","15":"tag-latestnews","16":"tag-main-news","17":"tag-mainnews","18":"tag-news","19":"tag-nyheter","20":"tag-rubriker","21":"tag-se","22":"tag-svenska","23":"tag-sverige","24":"tag-sweden","25":"tag-swedish","26":"tag-top-stories","27":"tag-topstories"},"share_on_mastodon":{"url":"https:\/\/pubeurope.com\/@se\/115721884558830666","error":""},"_links":{"self":[{"href":"https:\/\/www.europesays.com\/se\/wp-json\/wp\/v2\/posts\/106215","targetHints":{"allow":["GET"]}}],"collection":[{"href":"https:\/\/www.europesays.com\/se\/wp-json\/wp\/v2\/posts"}],"about":[{"href":"https:\/\/www.europesays.com\/se\/wp-json\/wp\/v2\/types\/post"}],"author":[{"embeddable":true,"href":"https:\/\/www.europesays.com\/se\/wp-json\/wp\/v2\/users\/2"}],"replies":[{"embeddable":true,"href":"https:\/\/www.europesays.com\/se\/wp-json\/wp\/v2\/comments?post=106215"}],"version-history":[{"count":0,"href":"https:\/\/www.europesays.com\/se\/wp-json\/wp\/v2\/posts\/106215\/revisions"}],"wp:featuredmedia":[{"embeddable":true,"href":"https:\/\/www.europesays.com\/se\/wp-json\/wp\/v2\/media\/106216"}],"wp:attachment":[{"href":"https:\/\/www.europesays.com\/se\/wp-json\/wp\/v2\/media?parent=106215"}],"wp:term":[{"taxonomy":"category","embeddable":true,"href":"https:\/\/www.europesays.com\/se\/wp-json\/wp\/v2\/categories?post=106215"},{"taxonomy":"post_tag","embeddable":true,"href":"https:\/\/www.europesays.com\/se\/wp-json\/wp\/v2\/tags?post=106215"}],"curies":[{"name":"wp","href":"https:\/\/api.w.org\/{rel}","templated":true}]}}