{"id":106217,"date":"2025-12-15T05:18:06","date_gmt":"2025-12-15T05:18:06","guid":{"rendered":"https:\/\/www.europesays.com\/se\/106217\/"},"modified":"2025-12-15T05:18:06","modified_gmt":"2025-12-15T05:18:06","slug":"ny-p3-serie-barnmordarkorset-en-svensk-blair-witch-project-med-gina-dirawi-pressinformation","status":"publish","type":"post","link":"https:\/\/www.europesays.com\/se\/106217\/","title":{"rendered":"Ny P3 Serie: Barnm\u00f6rdarkorset &#8211; en svensk Blair Witch Project med Gina Dirawi &#8211; Pressinformation"},"content":{"rendered":"<p>\u00c5r 2002 f\u00f6rsvann tre etnologistudenter sp\u00e5rl\u00f6st p\u00e5 platsen n\u00e4r de skulle g\u00f6ra ett f\u00e4ltarbete. De \u00e5terfanns aldrig. Nu 2025 f\u00e5r poddprofilen Lydia (Gina Dirawi) ett anonymt brev med studenternas ok\u00e4nda ljudinspelningar fr\u00e5n Barnm\u00f6rdarkorset. Kommer vi kunna f\u00f6rst\u00e5 vad som egentligen h\u00e4nde?<\/p>\n<p>Barnm\u00f6rdarkorset \u00e4r en skr\u00e4ckserie i fem delar med Blair Witch Project &#8211; k\u00e4nsla, i regi av Moa Gammel och med ett originalmanus av systrarna Amanda och Adina Romare.<\/p>\n<p>Gina Dirawi spelar huvudrollen som poddprofilen Lydia.<\/p>\n<p>\u2013 Jag f\u00e5r sj\u00e4lv lite panik av att lyssna p\u00e5 skr\u00e4ck, men har \u00e4nd\u00e5 alltid velat vara med i en serie som skr\u00e4mmer skiten ur folk!\u00a0s\u00e4ger <strong>Gina Dirawi.<\/strong><\/p>\n<p><strong>I rollerna:<\/strong> Gina Dirawi, Celie Sparre, Erik Enge, Nemanja Stojanovic, Martin Luuk, Julia Lyskova<\/p>\n<p>Manus: Amanda &amp; Adina Romare<br \/>Musik: Lisa Montan <br \/>Regi: Moa Gammel<br \/>Dramaturg: Magnus Lindman<br \/>Producenter: Ulph Nystr\u00f6m och Samuel Sj\u00f6blom<br \/>Ljuddesign: Robin af Ekenstam och Ludvig Jansson<br \/>Konstn\u00e4rlig ledare: Lola Zackow<br \/>Digital redakt\u00f6r: Elvira Lagerstr\u00f6m Dyrssen<\/p>\n<p>Seriens fem delar sl\u00e4pps den 15 december i appen Sveriges Radio: <a target=\"_blank\" rel=\"noopener noreferrer nofollow\" href=\"https:\/\/sverigesradio.se\/p3serie\">P3 Serie &#8211; alla avsnitt | Sveriges Radio<\/a><\/p>\n<p>Pressbilder: <a class=\"external-link\" rel=\"noreferrer noopener nofollow\" target=\"_blank\" href=\"https:\/\/sverigesradio.bildbank.se\/sv\/delad\/l2vveg0qrf\"><a class=\"internal-link\" target=\"_self\" href=\"https:\/\/sverigesradio.bildbank.se\/sv\/delad\/l2vveg0qrf\" rel=\"nofollow noopener\"><a target=\"_blank\" rel=\"noopener noreferrer nofollow\" href=\"https:\/\/sverigesradio.bildbank.se\/sv\/delad\/l2vveg0qrf\">https:\/\/sverigesradio.bildbank.se\/sv\/delad\/l2vveg0qrf<\/a> <br \/>Foto: Daniel Stigefelt<\/p>\n<p><strong>F\u00f6r mer information, v\u00e4nligen kontakta<\/strong><\/p>\n<p>Samuel Sj\u00f6blom, producent<a class=\"external-link\" rel=\"noreferrer noopener nofollow\" target=\"_blank\" href=\"https:\/\/www.sverigesradio.se\/artikel\/mailto:producent\ufffcsamuel.sjoblom@sverigesradio.se\"><a class=\"internal-link\" target=\"_self\" href=\"https:\/\/www.sverigesradio.se\/artikel\/mailto:producent\ufffcsamuel.sjoblom@sverigesradio.se\" rel=\"nofollow noopener\"><a target=\"_blank\" rel=\"noopener noreferrer nofollow\" href=\"https:\/\/www.sverigesradio.se\/artikel\/mailto:producent\ufffcsamuel.sjoblom@sverigesradio.se\"><br \/>samuel.sjoblom@sverigesradio.se<\/a><br \/>073-680 29 68<\/p>\n<p>Ulph Nystr\u00f6m, producent <br \/><a class=\"external-link\" rel=\"noreferrer noopener nofollow\" target=\"_blank\" href=\"https:\/\/www.sverigesradio.se\/artikel\/mailto:ulph.nystrom@sr.se\"><a class=\"internal-link\" target=\"_self\" href=\"https:\/\/www.sverigesradio.se\/artikel\/mailto:ulph.nystrom@sr.se\" rel=\"nofollow noopener\"><a target=\"_blank\" rel=\"noopener noreferrer nofollow\" href=\"https:\/\/www.sverigesradio.se\/artikel\/mailto:ulph.nystrom@sr.se\">ulph.nystrom@sr.se<\/a> <br \/>0768787935<\/p>\n<p>Susanna M\u00f6rner, pressansvarig Sveriges Radio<a class=\"external-link\" rel=\"noreferrer noopener nofollow\" target=\"_blank\" href=\"https:\/\/www.sverigesradio.se\/artikel\/mailto:Radio\ufffcsusanna.morner@sverigesrsadio.se\"><a class=\"internal-link\" target=\"_self\" href=\"https:\/\/www.sverigesradio.se\/artikel\/mailto:Radio\ufffcsusanna.morner@sverigesrsadio.se\" rel=\"nofollow noopener\"><a target=\"_blank\" rel=\"noopener noreferrer nofollow\" href=\"https:\/\/www.sverigesradio.se\/artikel\/mailto:Radio\ufffcsusanna.morner@sverigesrsadio.se\"><br \/>susanna.morner@sverigesrsadio.se<\/a><br \/>070-083 97 37<\/p>\n","protected":false},"excerpt":{"rendered":"\u00c5r 2002 f\u00f6rsvann tre etnologistudenter sp\u00e5rl\u00f6st p\u00e5 platsen n\u00e4r de skulle g\u00f6ra ett f\u00e4ltarbete. De \u00e5terfanns aldrig. Nu&hellip;\n","protected":false},"author":2,"featured_media":106218,"comment_status":"","ping_status":"","sticky":false,"template":"","format":"standard","meta":{"footnotes":""},"categories":[67],"tags":[104,1183,1184,1181,1180,34,1182,31,33,32,30,105],"class_list":{"0":"post-106217","1":"post","2":"type-post","3":"status-publish","4":"format-standard","5":"has-post-thumbnail","7":"category-underhallning","8":"tag-entertainment","9":"tag-press-sr","10":"tag-pressinfo-sr","11":"tag-pressinformation-sr","12":"tag-presstjnsten-sveriges-radio","13":"tag-se","14":"tag-sr-press","15":"tag-svenska","16":"tag-sverige","17":"tag-sweden","18":"tag-swedish","19":"tag-underhallning"},"share_on_mastodon":{"url":"https:\/\/pubeurope.com\/@se\/115721896186287391","error":""},"_links":{"self":[{"href":"https:\/\/www.europesays.com\/se\/wp-json\/wp\/v2\/posts\/106217","targetHints":{"allow":["GET"]}}],"collection":[{"href":"https:\/\/www.europesays.com\/se\/wp-json\/wp\/v2\/posts"}],"about":[{"href":"https:\/\/www.europesays.com\/se\/wp-json\/wp\/v2\/types\/post"}],"author":[{"embeddable":true,"href":"https:\/\/www.europesays.com\/se\/wp-json\/wp\/v2\/users\/2"}],"replies":[{"embeddable":true,"href":"https:\/\/www.europesays.com\/se\/wp-json\/wp\/v2\/comments?post=106217"}],"version-history":[{"count":0,"href":"https:\/\/www.europesays.com\/se\/wp-json\/wp\/v2\/posts\/106217\/revisions"}],"wp:featuredmedia":[{"embeddable":true,"href":"https:\/\/www.europesays.com\/se\/wp-json\/wp\/v2\/media\/106218"}],"wp:attachment":[{"href":"https:\/\/www.europesays.com\/se\/wp-json\/wp\/v2\/media?parent=106217"}],"wp:term":[{"taxonomy":"category","embeddable":true,"href":"https:\/\/www.europesays.com\/se\/wp-json\/wp\/v2\/categories?post=106217"},{"taxonomy":"post_tag","embeddable":true,"href":"https:\/\/www.europesays.com\/se\/wp-json\/wp\/v2\/tags?post=106217"}],"curies":[{"name":"wp","href":"https:\/\/api.w.org\/{rel}","templated":true}]}}