{"id":106223,"date":"2025-12-15T05:23:11","date_gmt":"2025-12-15T05:23:11","guid":{"rendered":"https:\/\/www.europesays.com\/se\/106223\/"},"modified":"2025-12-15T05:23:11","modified_gmt":"2025-12-15T05:23:11","slug":"vm-medaljer-till-fem-endrespelare-horisont-magasin","status":"publish","type":"post","link":"https:\/\/www.europesays.com\/se\/106223\/","title":{"rendered":"VM-medaljer till fem Endrespelare &#8211; Horisont magasin"},"content":{"rendered":"<p><strong>Flera Endrespelare \u00e5terv\u00e4nder till Gotland med en VM-medalj \u2013 men Sverige slogs sensationellt ut i semifinal.\u00a0<\/strong><\/p>\n<p><strong>Horisont sammanfattar den g\u00e5ngna sporthelgen.\u00a0<\/strong><\/p>\n<p><strong>INNEBANDY:<\/strong><\/p>\n<p>Trion Anja Wyss, Seraina Fitzi och Chiara Gredig \u00e5terv\u00e4nder till Gotland och sitt <strong>Endre IF<\/strong> med VM-guldmedaljer kring halsen efter av VM avgjorts med flera skr\u00e4llresultat i helgen. Trion vann med sitt Schweiz med 2-0 \u00f6ver Tjeckien i finalen.<\/p>\n<p>De tre Endrespelarna var en starkt bidragande orsak till att Schweiz skr\u00e4llde mot storfavoriten Sverige i semifinal, och de tre gjorde tillsammans fyra m\u00e5l n\u00e4r Schweiz vann med 6-3 och tog sig till final.\u00a0\u00c4ven i det andra finallaget, Tjeckien, fanns en Endrespelare, i form av Nela Jirakova. Hon togs ut i VM:s allstarlag efter finalen, och Anja Wyss uts\u00e5gs till matchens lirare i finalen.<\/p>\n<p>Sverige, som jagade sitt tionde raka VM-guld, fick i st\u00e4llet n\u00f6ja sig med att spela bronsmatch mot Finland \u2013 och d\u00e4r blev det ocks\u00e5 f\u00f6rlust, vilket g\u00f6r att Sverige missade medalj f\u00f6r f\u00f6rsta g\u00e5ngen n\u00e5gonsin i VM-sammanhang. Finland, som ocks\u00e5 hade Endrerepresentation genom Milla Nordlund, vann bronsmatchen med 6-4. Milla Nordlund gjorde ett av m\u00e5len, och i den svenska m\u00e5lburen stod Endrem\u00e5lvakten Frida G\u00f6rtz.<\/p>\n<p>\u00a0<\/p>\n<p><strong>ISHOCKEY: <\/strong><\/p>\n<p>Med en hel femma borta p\u00e5 grund av skador, kunde Visby Roma inte r\u00e5 p\u00e5 g\u00e4stande Halmstad p\u00e5 l\u00f6rdagen.<\/p>\n<p>        Annons<br \/>\n        <a href=\"https:\/\/www.ica.se\/butiker\/maxi\/gotland\/maxi-ica-stormarknad-visby-1003730\/?icqid=Cj0KCQjw267GBhCSARIsAOjVJ4EqRnbF2Qf0AsSOKIsrNJ4-91F_r60p5WznKWj-YwHnO2qRYbe0lOQaAqAiEALw_wcB&amp;gad_source=1&amp;gad_campaignid=7319844863&amp;gbraid=0AAAAADKgUif50mduMbE68IsscFGAabWsm&amp;gclid=Cj0KCQjw267GBhCSARIsAOjVJ4EqRnbF2Qf0AsSOKIsrNJ4-91F_r60p5WznKWj-YwHnO2qRYbe0lOQaAqAiEALw_wcB\" target=\"_blank\" data-tracking-id=\"left3\" rel=\"nofollow noopener\"><img decoding=\"async\" src=\"https:\/\/usercontent.one\/wp\/www.horisontmagasin.se\/wp-content\/uploads\/2024\/09\/800-x-200-Ica-Maxi.jpg?media=1761254004\" alt=\"Annons\" class=\"img-fluid mx-auto d-block lazyload\" bad-src=\"data:image\/svg+xml;base64,PHN2ZyB3aWR0aD0iMSIgaGVpZ2h0PSIxIiB4bWxucz0iaHR0cDovL3d3dy53My5vcmcvMjAwMC9zdmciPjwvc3ZnPg==\"\/><\/a>    <\/p>\n<p>I st\u00e4llet blev det en ny hemmaf\u00f6rlust med 0\u20133 (0\u20130, 0\u20132, 0\u20131). Trots underl\u00e4ge i tredje perioden m\u00e4ktade Visby Roma med endast tre skott p\u00e5 m\u00e5l.<\/p>\n<p>Laget f\u00f6ll ocks\u00e5 som en sten i tabellen och f\u00e5r nu g\u00e5 p\u00e5 julledigt med en placering under topp 6-strecket.<\/p>\n<p>\u00a0<\/p>\n<p><strong>BASKET:\u00a0<\/strong><\/p>\n<p>Visby Ladies \u00e5kte p\u00e5 sin elfte f\u00f6rlust hittills den h\u00e4r s\u00e4songen n\u00e4r Alvik i helgen vann med 64-47. Nela Netkova n\u00e5dde upp i n\u00e5gorlunda normal standard po\u00e4ngm\u00e4ssigt och gjorde 20 po\u00e4ng, n\u00e4st efter henne kom Tilja Garb med 7 po\u00e4ng.<\/p>\n<p>Samtidigt vann Eos, n\u00e4rmast ovanf\u00f6r Ladies i tabellen, efter f\u00f6rl\u00e4ngning \u00f6ver Brahe, vilket g\u00f6r att Lundalaget nu rycker en aning till tre segrar totalt mot Ladies ynka en. Ladies har \u00e4nnu RIG Lule\u00e5 bakom sig i tabellen, ocks\u00e5 med en seger (\u00f6ver just Ladies).<\/p>\n","protected":false},"excerpt":{"rendered":"Flera Endrespelare \u00e5terv\u00e4nder till Gotland med en VM-medalj \u2013 men Sverige slogs sensationellt ut i semifinal.\u00a0 Horisont sammanfattar&hellip;\n","protected":false},"author":2,"featured_media":63034,"comment_status":"","ping_status":"","sticky":false,"template":"","format":"standard","meta":{"footnotes":""},"categories":[5],"tags":[22,23,26,27,17,21,24,25,28,29,15,16,18,34,31,33,32,30,19,20],"class_list":{"0":"post-106223","1":"post","2":"type-post","3":"status-publish","4":"format-standard","5":"has-post-thumbnail","7":"category-rubriker","8":"tag-breaking-news","9":"tag-breakingnews","10":"tag-featured-news","11":"tag-featurednews","12":"tag-headlines","13":"tag-huvudnyheter","14":"tag-latest-news","15":"tag-latestnews","16":"tag-main-news","17":"tag-mainnews","18":"tag-news","19":"tag-nyheter","20":"tag-rubriker","21":"tag-se","22":"tag-svenska","23":"tag-sverige","24":"tag-sweden","25":"tag-swedish","26":"tag-top-stories","27":"tag-topstories"},"share_on_mastodon":{"url":"https:\/\/pubeurope.com\/@se\/115721916078329354","error":""},"_links":{"self":[{"href":"https:\/\/www.europesays.com\/se\/wp-json\/wp\/v2\/posts\/106223","targetHints":{"allow":["GET"]}}],"collection":[{"href":"https:\/\/www.europesays.com\/se\/wp-json\/wp\/v2\/posts"}],"about":[{"href":"https:\/\/www.europesays.com\/se\/wp-json\/wp\/v2\/types\/post"}],"author":[{"embeddable":true,"href":"https:\/\/www.europesays.com\/se\/wp-json\/wp\/v2\/users\/2"}],"replies":[{"embeddable":true,"href":"https:\/\/www.europesays.com\/se\/wp-json\/wp\/v2\/comments?post=106223"}],"version-history":[{"count":0,"href":"https:\/\/www.europesays.com\/se\/wp-json\/wp\/v2\/posts\/106223\/revisions"}],"wp:featuredmedia":[{"embeddable":true,"href":"https:\/\/www.europesays.com\/se\/wp-json\/wp\/v2\/media\/63034"}],"wp:attachment":[{"href":"https:\/\/www.europesays.com\/se\/wp-json\/wp\/v2\/media?parent=106223"}],"wp:term":[{"taxonomy":"category","embeddable":true,"href":"https:\/\/www.europesays.com\/se\/wp-json\/wp\/v2\/categories?post=106223"},{"taxonomy":"post_tag","embeddable":true,"href":"https:\/\/www.europesays.com\/se\/wp-json\/wp\/v2\/tags?post=106223"}],"curies":[{"name":"wp","href":"https:\/\/api.w.org\/{rel}","templated":true}]}}