{"id":106228,"date":"2025-12-15T05:31:16","date_gmt":"2025-12-15T05:31:16","guid":{"rendered":"https:\/\/www.europesays.com\/se\/106228\/"},"modified":"2025-12-15T05:31:16","modified_gmt":"2025-12-15T05:31:16","slug":"quinn-hughes-blev-matchens-lirare-direkt-efter-supertrejden-nhl","status":"publish","type":"post","link":"https:\/\/www.europesays.com\/se\/106228\/","title":{"rendered":"Quinn Hughes blev matchens lirare \u2013 direkt efter supertrejden | NHL"},"content":{"rendered":"<p>Publicerad 15 dec 2025 kl 06.23<\/p>\n<p>LOS ANGELES. Succ\u00e9 i debuten.<\/p>\n<p>Quinn Hughes, 26, gjorde ingen besviken n\u00e4r han tog plats i Minnesota Wild ett dygn efter trejden fr\u00e5n Vancouver Canucks.<\/p>\n<p>Med ett m\u00e5l och en stark insats valdes han till matchens lirare n\u00e4r man besegrade Boston Bruins med 6-2.<\/p>\n<p>\u2013 Det var lite pirrigt i b\u00f6rjan och jag kan b\u00e4ttre. Men det \u00e4r ett fantastiskt lag jag har kommit till, sa Hughes i en tv-intervju med FanDuel Sports Network efter slutsignalen.<\/p>\n<p><img   alt=\"\"\/><\/p>\n<p>Quinn Hughes gjorde en j\u00e4ttetrejd fr\u00e5n Vancouver Canucks i helgen.<\/p>\n<p>Foto: BAILEY HILLESHEIM \/ AP TT NYHETSBYR\u00c5N<\/p>\n<p>\u00d6ppna bild i helsk\u00e4rm<img loading=\"lazy\"   alt=\"\"\/> <\/p>\n<p>Foto: BAILEY HILLESHEIM \/ AP TT NYHETSBYR\u00c5N<\/p>\n<p>\u00d6ppna bild i helsk\u00e4rm<\/p>\n<p>Wild-tr\u00e4naren John Hynes satsar p\u00e5 ett toppat f\u00f6rsta backpar med Hughes och Brock Farber.<\/p>\n<p>\u2013 Det kommer att bli \u00e4nnu b\u00e4ttre n\u00e4r vi l\u00e4rt k\u00e4nna varandra b\u00e4ttre. Och h\u00e4r finns s\u00e5 m\u00e5nga andra bra backar ocks\u00e5 med (Jared) Spurgeon och (Jonas) Brodin, bland andra, sa Quinn Hughes.<\/p>\n<p>Minnesota var helt \u00f6verl\u00e4gset i nattens match och skaffade sig en 5-0-ledning innan Boston kunde spr\u00e4cka Filip Gustavssons nolla i mitten av den tredje perioden.<\/p>\n<p>Svensken skadad<\/p>\n<p>Joel Eriksson Ek noterade en assist liksom Marcus Johansson.<\/p>\n<p>Men den sistn\u00e4mnde l\u00e4mnade matchen i den andra perioden p\u00e5 grund av en skada och \u00e5terkom inte.<\/p>\n<p>Det var i natt oklart vilken typ av skada det handlar om.<\/p>\n<p>Wild har en l\u00e5ng skadelista just nu och saknade i nattens match ocks\u00e5 Marcus Foligno, Mats Zuccarello, Jacob Middleton och Jonas Brodin.<\/p>\n<p>Kirill Kaprizov var tv\u00e5m\u00e5lsskytt, de \u00f6vriga m\u00e5len gjordes av Matt Boldy, Ryan Hartman, Jared Spurgeon och Quinn Hughes.\u00a0<\/p>\n<p>Hos Bruins var m\u00e5lskyttarna Alex Steeves och Andrew Peeke.<\/p>\n","protected":false},"excerpt":{"rendered":"Publicerad 15 dec 2025 kl 06.23 LOS ANGELES. Succ\u00e9 i debuten. Quinn Hughes, 26, gjorde ingen besviken n\u00e4r&hellip;\n","protected":false},"author":2,"featured_media":106229,"comment_status":"","ping_status":"","sticky":false,"template":"","format":"standard","meta":{"footnotes":""},"categories":[5],"tags":[22,23,26,27,17,21,24,25,28,29,15,16,18,34,255,256,31,33,32,30,19,20],"class_list":{"0":"post-106228","1":"post","2":"type-post","3":"status-publish","4":"format-standard","5":"has-post-thumbnail","7":"category-rubriker","8":"tag-breaking-news","9":"tag-breakingnews","10":"tag-featured-news","11":"tag-featurednews","12":"tag-headlines","13":"tag-huvudnyheter","14":"tag-latest-news","15":"tag-latestnews","16":"tag-main-news","17":"tag-mainnews","18":"tag-news","19":"tag-nyheter","20":"tag-rubriker","21":"tag-se","22":"tag-sections-ishockey","23":"tag-sections-nhl","24":"tag-svenska","25":"tag-sverige","26":"tag-sweden","27":"tag-swedish","28":"tag-top-stories","29":"tag-topstories"},"share_on_mastodon":{"url":"https:\/\/pubeurope.com\/@se\/115721947277087450","error":""},"_links":{"self":[{"href":"https:\/\/www.europesays.com\/se\/wp-json\/wp\/v2\/posts\/106228","targetHints":{"allow":["GET"]}}],"collection":[{"href":"https:\/\/www.europesays.com\/se\/wp-json\/wp\/v2\/posts"}],"about":[{"href":"https:\/\/www.europesays.com\/se\/wp-json\/wp\/v2\/types\/post"}],"author":[{"embeddable":true,"href":"https:\/\/www.europesays.com\/se\/wp-json\/wp\/v2\/users\/2"}],"replies":[{"embeddable":true,"href":"https:\/\/www.europesays.com\/se\/wp-json\/wp\/v2\/comments?post=106228"}],"version-history":[{"count":0,"href":"https:\/\/www.europesays.com\/se\/wp-json\/wp\/v2\/posts\/106228\/revisions"}],"wp:featuredmedia":[{"embeddable":true,"href":"https:\/\/www.europesays.com\/se\/wp-json\/wp\/v2\/media\/106229"}],"wp:attachment":[{"href":"https:\/\/www.europesays.com\/se\/wp-json\/wp\/v2\/media?parent=106228"}],"wp:term":[{"taxonomy":"category","embeddable":true,"href":"https:\/\/www.europesays.com\/se\/wp-json\/wp\/v2\/categories?post=106228"},{"taxonomy":"post_tag","embeddable":true,"href":"https:\/\/www.europesays.com\/se\/wp-json\/wp\/v2\/tags?post=106228"}],"curies":[{"name":"wp","href":"https:\/\/api.w.org\/{rel}","templated":true}]}}