{"id":106230,"date":"2025-12-15T05:34:08","date_gmt":"2025-12-15T05:34:08","guid":{"rendered":"https:\/\/www.europesays.com\/se\/106230\/"},"modified":"2025-12-15T05:34:08","modified_gmt":"2025-12-15T05:34:08","slug":"alexandra-pascalidou-prisas-feminism-ett-arv-och-ett-ansvar","status":"publish","type":"post","link":"https:\/\/www.europesays.com\/se\/106230\/","title":{"rendered":"Alexandra Pascalidou prisas: \u201dFeminism ett arv och ett ansvar\u201d\u00a0"},"content":{"rendered":"<p>\n                    Alexandra Pascalidou har tilldelats \u00e5rets Fredrika Bremers BRA-pris f\u00f6r sitt m\u00e5ng\u00e5riga arbete f\u00f6r kvinnors r\u00e4ttigheter och f\u00f6r att se och h\u00f6ra r\u00f6ster som ofta tystas. Hon s\u00e4ger att prismotiveringen ber\u00f6r henne p\u00e5 djupet och understryker att feminism \u00e4r \u201dett arv och ett ansvar\u201d.Foto: Claudio Bresciani\/TT\n            <\/p>\n<p class=\"article__sublead\">F\u00f6rfattaren och journalisten Alexandra Pascalidou prisas av Fredrika Bremer-f\u00f6rbundet f\u00f6r sitt arbete f\u00f6r kvinnors r\u00e4ttigheter och j\u00e4mst\u00e4lldhet. Pascalidou s\u00e4ger i en kommentar att feminism \u00e4r \u201dett arv och ett ansvar\u201d.<\/p>\n<p class=\"article__paragraph\">Fredrika Bremer-f\u00f6rbundet tilldelar f\u00f6rfattaren, journalisten, f\u00f6rel\u00e4saren och kr\u00f6nik\u00f6ren <strong>Alexandra Pascalidou<\/strong> \u00e5rets BRA-pris f\u00f6r att: \u201dMed sk\u00e4rpa och v\u00e4rme utmanar Alexandra strukturer som begr\u00e4nsar och osynligg\u00f6r. Hon har inspirerat och mobiliserat kvinnor v\u00e4rlden \u00f6ver, bland annat som eftertraktad talare vid internationella konferenser. I sina texter och offentliga framtr\u00e4danden ger hon spr\u00e5k \u00e5t or\u00e4ttvisorna och styrka \u00e5t dem som k\u00e4mpar\u201d.<\/p>\n<p class=\"article__paragraph\">\u2013 Jag vill fr\u00e5n djupet av mitt hj\u00e4rta, och med hela min sj\u00e4l, bara s\u00e4ga ett stort och varmt tack till alla er som k\u00e4mpar d\u00e4rute, till alla ni Fredrika Bremersystrar, ni som sliter och verkar i hennes anda, denna feministiska f\u00f6rebild. Tack f\u00f6r ert arbete och tack f\u00f6r ert goda omd\u00f6me, tack f\u00f6r att ni ser vad jag f\u00f6rs\u00f6ker se och synligg\u00f6ra och f\u00f6r att ni h\u00f6r n\u00e4r jag f\u00f6rs\u00f6ker f\u00f6rdela r\u00f6ster till dem som s\u00e4llan h\u00f6rs, <a href=\"https:\/\/fredrikabremer.se\/alexandra-pascalidou-tilldelas-bra-priset\/\" rel=\"nofollow noopener\" target=\"_blank\">s\u00e4ger Alexandra Pascalidou i en videoh\u00e4lsning<\/a>.\u00a0<\/p>\n<p class=\"article__paragraph\">Alexandra Pascalidou har i \u00e5rtionden satt kvinnors erfarenheter och kamp i fokus, inte minst i sin bok Mammorna som gavs ut 2018. I boken har Pascalidou intervjuat 20 mammor som bor i Sveriges fattigaste och mest utsatta omr\u00e5den, f\u00f6r att l\u00e5ta dem komma till tals, om sina liv och de barn som m\u00f6rdats. Boken har b\u00e5de fritt dramatiserats p\u00e5 scen i ett samarbete mellan Riksteatern och Kulturhuset Stadsteatern och gjorts om en dokument\u00e4rserie som har visats p\u00e5 SVT.\u00a0<\/p>\n<p>Ger r\u00f6st \u00e5t dem som tystas<\/p>\n<p class=\"article__paragraph\">Fredrika Bremer-f\u00f6rbundet lyfter att Pascalidous \u201darbete \u00e4r en p\u00e5minnelse om att f\u00f6r\u00e4ndring kr\u00e4ver b\u00e5de mod och uth\u00e5llighet. F\u00f6r hennes of\u00f6rtr\u00f6ttliga engagemang, hennes konsekventa kamp f\u00f6r j\u00e4mst\u00e4lldhet och hennes f\u00f6rm\u00e5ga att ge r\u00f6st \u00e5t dem som annars tystas, tilldelas hon Fredrika Bremer-f\u00f6rbundets BRA-pris.\u201d<\/p>\n<p class=\"article__paragraph\">\u2013 Det k\u00e4nns b\u00e5de stort och f\u00f6rpliktigande att f\u00e5 ett pris i Fredrika Bremers namn. Hon som skrev sig fri och samtidigt skrev oss alla n\u00e4rmare friheten. Motiveringen ber\u00f6r mig p\u00e5 djupet, eftersom den ser det arbete jag gjort under mitt yrkesliv: att lyfta r\u00f6ster som annars inte h\u00f6rs. Att se och synligg\u00f6ra de osynliggjorda. De som b\u00e4r v\u00e4rlden men s\u00e4llan r\u00e4knas, s\u00e4ger Pascalidou i ett inl\u00e4gg p\u00e5 Facebook och n\u00e4mner f\u00f6rutom Mammorna ocks\u00e5 Var \u00e4r papporna och understryker att hon i sitt arbete alltid har arbetat f\u00f6r att bryta tystnader och att p\u00e5minna om att \u201dj\u00e4mst\u00e4lldhet \u00e4r ett demokratiskt fundament\u201d.<\/p>\n<p class=\"article__paragraph\">\u2013 Fredrika Bremer-f\u00f6rbundet p\u00e5minner oss om att feminism inte \u00e4r en trend, utan ett arv och ett ansvar. Jag tar emot detta pris i min mormors och min mammas och i alla kvinnors namn som k\u00e4mpat i motvind, ofta i det tysta, men alltid med v\u00e4rdighet.<\/p>\n<p>Tidigare \u00e5rs pristagare<\/p>\n<p class=\"article__paragraph\">2024: <strong>Katarina Wennstam<\/strong><\/p>\n<p class=\"article__paragraph\">2023: Talita<\/p>\n<p class=\"article__paragraph\">2022:<strong> Bianca Kronl\u00f6f<\/strong><\/p>\n<p class=\"article__paragraph\">2021: <strong>Olga Persson<\/strong>, ordf\u00f6rande, Unizon<\/p>\n<p class=\"article__paragraph\">2019: <strong>Christina Merker-Siesj\u00f6<\/strong>, Yallatrappan<\/p>\n<p class=\"article__paragraph\">2018: <strong>Zara Larsson<\/strong><\/p>\n<p class=\"article__paragraph\">2017: <strong>Barbro Westerholm<\/strong><\/p>\n<p class=\"article__paragraph\">2016: <strong>Anders Kompass<\/strong><\/p>\n","protected":false},"excerpt":{"rendered":"Alexandra Pascalidou har tilldelats \u00e5rets Fredrika Bremers BRA-pris f\u00f6r sitt m\u00e5ng\u00e5riga arbete f\u00f6r kvinnors r\u00e4ttigheter och f\u00f6r att&hellip;\n","protected":false},"author":2,"featured_media":106231,"comment_status":"","ping_status":"","sticky":false,"template":"","format":"standard","meta":{"footnotes":""},"categories":[67],"tags":[11882,104,11883,236,34,31,33,32,30,105],"class_list":{"0":"post-106230","1":"post","2":"type-post","3":"status-publish","4":"format-standard","5":"has-post-thumbnail","7":"category-underhallning","8":"tag-alexandra-pascalidou","9":"tag-entertainment","10":"tag-feminism","11":"tag-pris","12":"tag-se","13":"tag-svenska","14":"tag-sverige","15":"tag-sweden","16":"tag-swedish","17":"tag-underhallning"},"share_on_mastodon":{"url":"https:\/\/pubeurope.com\/@se\/115721959121306486","error":""},"_links":{"self":[{"href":"https:\/\/www.europesays.com\/se\/wp-json\/wp\/v2\/posts\/106230","targetHints":{"allow":["GET"]}}],"collection":[{"href":"https:\/\/www.europesays.com\/se\/wp-json\/wp\/v2\/posts"}],"about":[{"href":"https:\/\/www.europesays.com\/se\/wp-json\/wp\/v2\/types\/post"}],"author":[{"embeddable":true,"href":"https:\/\/www.europesays.com\/se\/wp-json\/wp\/v2\/users\/2"}],"replies":[{"embeddable":true,"href":"https:\/\/www.europesays.com\/se\/wp-json\/wp\/v2\/comments?post=106230"}],"version-history":[{"count":0,"href":"https:\/\/www.europesays.com\/se\/wp-json\/wp\/v2\/posts\/106230\/revisions"}],"wp:featuredmedia":[{"embeddable":true,"href":"https:\/\/www.europesays.com\/se\/wp-json\/wp\/v2\/media\/106231"}],"wp:attachment":[{"href":"https:\/\/www.europesays.com\/se\/wp-json\/wp\/v2\/media?parent=106230"}],"wp:term":[{"taxonomy":"category","embeddable":true,"href":"https:\/\/www.europesays.com\/se\/wp-json\/wp\/v2\/categories?post=106230"},{"taxonomy":"post_tag","embeddable":true,"href":"https:\/\/www.europesays.com\/se\/wp-json\/wp\/v2\/tags?post=106230"}],"curies":[{"name":"wp","href":"https:\/\/api.w.org\/{rel}","templated":true}]}}