{"id":106235,"date":"2025-12-15T05:42:11","date_gmt":"2025-12-15T05:42:11","guid":{"rendered":"https:\/\/www.europesays.com\/se\/106235\/"},"modified":"2025-12-15T05:42:11","modified_gmt":"2025-12-15T05:42:11","slug":"sofia-stahls-svara-konflikt-med-tareq-taylor","status":"publish","type":"post","link":"https:\/\/www.europesays.com\/se\/106235\/","title":{"rendered":"Sofia St\u00e5hls sv\u00e5ra konflikt med Tareq Taylor"},"content":{"rendered":"<p>Publicerad 15 dec 2025 kl 06.30<\/p>\n<p>Tareq Taylor och Sofia St\u00e5hl \u00e4r gifta, jobbar ihop och renoverar en sk\u00e4rg\u00e5rdsstuga tillsammans.<\/p>\n<p>Det kan ibland t\u00e4ra p\u00e5 relationen.<\/p>\n<p>\u2013 Vi ger oss inte, s\u00e4ger hon i podden <a href=\"https:\/\/poddtoppen.se\/podcast\/1714584250\/in-bed-with-emilia\" rel=\"nofollow noopener\" target=\"_blank\">\u201dIn bed with Emilia\u201d <\/a>om br\u00e5ket som h\u00f6ll p\u00e5 en hel dag.<\/p>\n<p><img   alt=\"\"\/><\/p>\n<p>Tareq Taylor.<\/p>\n<p>Foto: TV4<\/p>\n<p>\u00d6ppna bild i helsk\u00e4rm<img loading=\"lazy\"   alt=\"\"\/><\/p>\n<p>Sofia St\u00e5hl och Tareq Taylor jobbar p\u00e5 sitt hus i Saltsj\u00f6-Boo.<\/p>\n<p>Foto: Warner Bros. Discovery<\/p>\n<p>\u00d6ppna bild i helsk\u00e4rm<\/p>\n<p>Tv-kocken <a href=\"https:\/\/www.expressen.se\/tagg\/person\/tareq-taylor\/\" class=\"\" rel=\"nofollow noopener\" target=\"_blank\">Tareq Taylor<\/a>, 56 och h\u00e4lsocoachen Sofia St\u00e5hl, 37, ser mycket av varandra.<\/p>\n<p>Sedan de tr\u00e4ffades 2019 har de gift sig, f\u00e5tt barn, startat bolaget Taylor &amp; St\u00e5hl agency ihop och s\u00e5 h\u00e5ller de p\u00e5 att renovera sitt dr\u00f6mhus i Saltsj\u00f6-Boo, vilket de visat upp i \u201dTareq och Sofias sk\u00e4rg\u00e5rdsdr\u00f6m\u201d i Kanal 5 och p\u00e5 Max.<\/p>\n<p>Helheten g\u00f6r att det ibland kan knaka i fogarna paret emellan. Sofia St\u00e5hl ber\u00e4ttar i podden \u201dIn bed with Emilia\u201d med Emilia de Poret:<\/p>\n<p>\u2013 I b\u00f6rjan beh\u00f6vde vi ocks\u00e5 krocka ganska mycket och vara s\u00e5 h\u00e4r: Va? T\u00e4nker du s\u00e5? Nej men gud vad fr\u00e4mmande f\u00f6r mig. Okej, d\u00e5 k\u00f6r vi ett varv till och s\u00e5 g\u00e5r vi igenom hela det h\u00e4r och bara: What?<\/p>\n<p>Hon s\u00e4ger att deras styrka som par \u00e4r kommunikation, \u201dv\u00e5r diamant\u201d.<\/p>\n<p>\u2013 Den kompromissar vi aldrig med.<\/p>\n<p>\u201dOm det tar 13 timmar s\u00e5 g\u00f6r det det\u201d<\/p>\n<p>En g\u00e5ng diskuterade de en os\u00e4mja kring deras gemensamma bolag i 13 timmar.<\/p>\n<p>\u2013 S\u00e5 vi satt p\u00e5 riktigt fr\u00e5n morgonen. Sen hade vi, tack och lov, inte n\u00e5gonting som kallade p\u00e5 oss. S\u00e5 den h\u00e4r diskussionen \u2013 vi drog den under hela dagen. Fram och tillbaka, genom alltihop, till sena kv\u00e4llen innan vi var klara.<\/p>\n<p>\u2013 Om det tar 13 timmar s\u00e5 g\u00f6r det det.<\/p>\n","protected":false},"excerpt":{"rendered":"Publicerad 15 dec 2025 kl 06.30 Tareq Taylor och Sofia St\u00e5hl \u00e4r gifta, jobbar ihop och renoverar en&hellip;\n","protected":false},"author":2,"featured_media":106236,"comment_status":"","ping_status":"","sticky":false,"template":"","format":"standard","meta":{"footnotes":""},"categories":[67],"tags":[104,1448,1447,34,31,33,32,30,310,105],"class_list":{"0":"post-106235","1":"post","2":"type-post","3":"status-publish","4":"format-standard","5":"has-post-thumbnail","7":"category-underhallning","8":"tag-entertainment","9":"tag-organization-kanal-5","10":"tag-person-tareq-taylor","11":"tag-se","12":"tag-svenska","13":"tag-sverige","14":"tag-sweden","15":"tag-swedish","16":"tag-topic-kandisar","17":"tag-underhallning"},"share_on_mastodon":{"url":"https:\/\/pubeurope.com\/@se\/115721990569766666","error":""},"_links":{"self":[{"href":"https:\/\/www.europesays.com\/se\/wp-json\/wp\/v2\/posts\/106235","targetHints":{"allow":["GET"]}}],"collection":[{"href":"https:\/\/www.europesays.com\/se\/wp-json\/wp\/v2\/posts"}],"about":[{"href":"https:\/\/www.europesays.com\/se\/wp-json\/wp\/v2\/types\/post"}],"author":[{"embeddable":true,"href":"https:\/\/www.europesays.com\/se\/wp-json\/wp\/v2\/users\/2"}],"replies":[{"embeddable":true,"href":"https:\/\/www.europesays.com\/se\/wp-json\/wp\/v2\/comments?post=106235"}],"version-history":[{"count":0,"href":"https:\/\/www.europesays.com\/se\/wp-json\/wp\/v2\/posts\/106235\/revisions"}],"wp:featuredmedia":[{"embeddable":true,"href":"https:\/\/www.europesays.com\/se\/wp-json\/wp\/v2\/media\/106236"}],"wp:attachment":[{"href":"https:\/\/www.europesays.com\/se\/wp-json\/wp\/v2\/media?parent=106235"}],"wp:term":[{"taxonomy":"category","embeddable":true,"href":"https:\/\/www.europesays.com\/se\/wp-json\/wp\/v2\/categories?post=106235"},{"taxonomy":"post_tag","embeddable":true,"href":"https:\/\/www.europesays.com\/se\/wp-json\/wp\/v2\/tags?post=106235"}],"curies":[{"name":"wp","href":"https:\/\/api.w.org\/{rel}","templated":true}]}}