{"id":106241,"date":"2025-12-15T05:47:18","date_gmt":"2025-12-15T05:47:18","guid":{"rendered":"https:\/\/www.europesays.com\/se\/106241\/"},"modified":"2025-12-15T05:47:18","modified_gmt":"2025-12-15T05:47:18","slug":"rob-reiner-och-hans-fru-doda-misstankt-mord","status":"publish","type":"post","link":"https:\/\/www.europesays.com\/se\/106241\/","title":{"rendered":"Rob Reiner och hans fru d\u00f6da \u2013 misst\u00e4nkt mord"},"content":{"rendered":"<p>Polisen larmades vid 15.30-tiden p\u00e5 s\u00f6ndagseftermiddagen, lokal tid, efter att regiss\u00f6ren och sk\u00e5despelaren Rob Reiner, 78, hittats d\u00f6d tillsammans med sin hustru Michele Singer Reiner, 68. Enligt CNN ska paret ha hittats av en familjemedlem. <\/p>\n<p>Under eftermiddagen och kv\u00e4llen har det p\u00e5g\u00e5tt ett stort polisp\u00e5drag vid huset. Enligt uppgifter till <a href=\"https:\/\/apnews.com\/article\/rob-reiner-home-investigation-ed88cfde7c41be55803fa0c792f55cdc\" target=\"_blank\" rel=\"noopener noreferrer nofollow\">nyhetsbyr\u00e5n AP<\/a> ska paret ha haft sk\u00e4rskador. <\/p>\n","protected":false},"excerpt":{"rendered":"Polisen larmades vid 15.30-tiden p\u00e5 s\u00f6ndagseftermiddagen, lokal tid, efter att regiss\u00f6ren och sk\u00e5despelaren Rob Reiner, 78, hittats d\u00f6d&hellip;\n","protected":false},"author":2,"featured_media":106242,"comment_status":"","ping_status":"","sticky":false,"template":"","format":"standard","meta":{"footnotes":""},"categories":[5],"tags":[22,23,26,27,17,21,24,25,28,29,15,16,18,34,31,33,32,30,19,20],"class_list":{"0":"post-106241","1":"post","2":"type-post","3":"status-publish","4":"format-standard","5":"has-post-thumbnail","7":"category-rubriker","8":"tag-breaking-news","9":"tag-breakingnews","10":"tag-featured-news","11":"tag-featurednews","12":"tag-headlines","13":"tag-huvudnyheter","14":"tag-latest-news","15":"tag-latestnews","16":"tag-main-news","17":"tag-mainnews","18":"tag-news","19":"tag-nyheter","20":"tag-rubriker","21":"tag-se","22":"tag-svenska","23":"tag-sverige","24":"tag-sweden","25":"tag-swedish","26":"tag-top-stories","27":"tag-topstories"},"share_on_mastodon":{"url":"https:\/\/pubeurope.com\/@se\/115722010184700788","error":""},"_links":{"self":[{"href":"https:\/\/www.europesays.com\/se\/wp-json\/wp\/v2\/posts\/106241","targetHints":{"allow":["GET"]}}],"collection":[{"href":"https:\/\/www.europesays.com\/se\/wp-json\/wp\/v2\/posts"}],"about":[{"href":"https:\/\/www.europesays.com\/se\/wp-json\/wp\/v2\/types\/post"}],"author":[{"embeddable":true,"href":"https:\/\/www.europesays.com\/se\/wp-json\/wp\/v2\/users\/2"}],"replies":[{"embeddable":true,"href":"https:\/\/www.europesays.com\/se\/wp-json\/wp\/v2\/comments?post=106241"}],"version-history":[{"count":0,"href":"https:\/\/www.europesays.com\/se\/wp-json\/wp\/v2\/posts\/106241\/revisions"}],"wp:featuredmedia":[{"embeddable":true,"href":"https:\/\/www.europesays.com\/se\/wp-json\/wp\/v2\/media\/106242"}],"wp:attachment":[{"href":"https:\/\/www.europesays.com\/se\/wp-json\/wp\/v2\/media?parent=106241"}],"wp:term":[{"taxonomy":"category","embeddable":true,"href":"https:\/\/www.europesays.com\/se\/wp-json\/wp\/v2\/categories?post=106241"},{"taxonomy":"post_tag","embeddable":true,"href":"https:\/\/www.europesays.com\/se\/wp-json\/wp\/v2\/tags?post=106241"}],"curies":[{"name":"wp","href":"https:\/\/api.w.org\/{rel}","templated":true}]}}