{"id":106245,"date":"2025-12-15T05:53:09","date_gmt":"2025-12-15T05:53:09","guid":{"rendered":"https:\/\/www.europesays.com\/se\/106245\/"},"modified":"2025-12-15T05:53:09","modified_gmt":"2025-12-15T05:53:09","slug":"kast-vann-valet-i-chile","status":"publish","type":"post","link":"https:\/\/www.europesays.com\/se\/106245\/","title":{"rendered":"Kast vann valet i Chile"},"content":{"rendered":"<p>Detta \u00e4r en kommenterande text. Skribenten svarar f\u00f6r analys och st\u00e4llningstaganden i texten.<\/p>\n<p>F\u00f6r den chilenska v\u00e4nstern \u00e4r valresultatet den djupaste katastrofen sedan general Augusto Pinochet st\u00f6rtade den folkvalde marxisten Salvador Allende i milit\u00e4rkuppen 1973. Att Chile skulle f\u00e5 en president som hyllar diktaturen \u2013 ansvarig f\u00f6r tusentals d\u00f6da och hundratusentals chilenare i exil \u2013 var det f\u00e5 som trodde. Men det \u00e4r precis vad som skett. V\u00e4nsterns of\u00f6rm\u00e5ga att hantera den v\u00e4xande samh\u00e4llsfriktion som f\u00f6ljt i sp\u00e5ren av att n\u00e4rmare en miljon venezuelaner migrerat till landet \u00e4r en av f\u00f6rklaringarna.<\/p>\n<p>N\u00e4stan 90 procent av chilenarna upplever att brottsligheten \u00f6kat de senaste \u00e5ren och m\u00e5nga kopplar k\u00e4nslan av otrygghet till migrationen. Kommunistpartiets kandidat Jeanette Jara lovade att st\u00e4rka gr\u00e4ns\u00f6vervakningen mot Peru och Bolivia, men det r\u00e4ckte inte. I s\u00e4kerhetsfr\u00e5gor uppfattades Jos\u00e9 Antonio Kast som mer trov\u00e4rdig. Under valr\u00f6relsen lovade han att inom 120 dagar utvisa den kvarts miljon venezuelaner som tagit sig in i landet utan visum. Trots att ett s\u00e5dant l\u00f6fte i praktiken \u00e4r ogenomf\u00f6rbart vann han r\u00f6ster p\u00e5 det.<\/p>\n<blockquote class=\"ds-quote\">\n<p>    Han har velat f\u00f6rmedla bilden av en mer moderat politiker, men Kast \u00e4r en ulv i f\u00e5rakl\u00e4der.\n  <\/p><\/blockquote>\n<p>Under kampanjen f\u00f6rs\u00f6kte Kast tona ned sina mest kontroversiella st\u00e5ndpunkter. Han har inte angripit homosexuella, hotat att f\u00f6rbjuda sexualundervisning i skolan och pratat om att inf\u00f6ra ett totalf\u00f6rbud mot abort. Han har velat f\u00f6rmedla bilden av en mer moderat politiker, men Kast \u00e4r en ulv i f\u00e5rakl\u00e4der.<\/p>\n<p>          <img decoding=\"async\" class=\"picture__img\" src=\"https:\/\/www.europesays.com\/se\/wp-content\/uploads\/2025\/12\/c1b7d2d5-d795-4636-b2c5-9a438a41c96c.jpeg\"   alt=\"Anh\u00e4ngare till Kast firade n\u00e4r det stod klart att han st\u00e5r som segrare i presidentvalet.\"\/><\/p>\n<p>      Anh\u00e4ngare till Kast firade n\u00e4r det stod klart att han st\u00e5r som segrare i presidentvalet.<\/p>\n<p>      Foto: Francisco Arias\/TT<\/p>\n<p><strong>N\u00e4r jag intervjuade honom<\/strong> inf\u00f6r folkomr\u00f6stningen 2020, om att skriva om Pinochets grundlag, tappade han fattningen. Vi satt i tr\u00e4dg\u00e5rden till hans partis h\u00f6gkvarter i Santiago n\u00e4r jag ifr\u00e5gasatte hans krav p\u00e5 totalf\u00f6rbud mot abort. Han reste sig upp och pekade mot mig.<\/p>\n<p>\u2013 Abort \u00e4r mord!<\/p>\n<p>N\u00e4r jag svarade att jag anser att kvinnan har r\u00e4tt att best\u00e4mma \u00f6ver sin egen kropp blev han \u00e4nnu argare.<\/p>\n<p>\u2013 Det \u00e4r s\u00e5dana journalister som du som ser till att d\u00f6dandet forts\u00e4tter, vr\u00e5lade han.<\/p>\n<p>Hans pressekreterare borde ha avbrutit intervjun, men Kast gick inte att stoppa. Till slut skrek han:<\/p>\n<p>\u2013 Din m\u00f6rdare!<\/p>\n<p>Samtalet gick inte att forts\u00e4tta. Jag avbr\u00f6t intervjun.<\/p>\n<p>Detta intr\u00e4ffade f\u00f6r fem \u00e5r sedan. Nu \u00e4r Jos\u00e9 Antonio Kast vald till Chiles president.<\/p>\n<blockquote class=\"ds-quote\">\n<p>    Han kan bli Chiles svar p\u00e5 Donald Trump eller andra h\u00f6gerradikala ledare som Javier Milei i Argentina eller Viktor Orb\u00e1n i Ungern\n  <\/p><\/blockquote>\n<p><strong>Vad landet nu kan<\/strong> v\u00e4nta sig, ut\u00f6ver fler vredesutbrott, \u00e4r den chockterapi han utlovat. Niobarnspappan Kast har signalerat att han under sina f\u00f6rsta tre m\u00e5nader vid makten vill driva igenom flera omfattande lag\u00e4ndringar genom dekret. Han kan bli Chiles svar p\u00e5 Donald Trump eller andra h\u00f6gerradikala ledare som Javier Milei i Argentina eller Viktor Orb\u00e1n i Ungern. Sj\u00e4lv har han sagt att den politiker han i dag ser upp till mest \u00e4r Italiens Giorgia Meloni.<\/p>\n<p>Kast \u00e4r medlem i den tyska katolska r\u00f6relsen Sch\u00f6nstatt-Bewegung som str\u00e4var efter en moralisk f\u00f6rnyelse av samh\u00e4llet. Hans far var medlem i Nazistpartiet och officer i den tyska arm\u00e9n under andra v\u00e4rldskriget. Efter kriget flydde fadern till Italien och fick hj\u00e4lp via Vatikanen att ta sig till Chile. D\u00e4r grundade han det tyska charkuterif\u00f6retaget Cecinas Bavaria p\u00e5 landsbygden utanf\u00f6r Santiago och st\u00f6dde Augusto Pinochets milit\u00e4rkupp. Det finns misstankar om att pappan angav kommunistiska b\u00f6nder som senare f\u00f6rsvann under diktaturen.<\/p>\n<p>Ingen ska h\u00e5llas ansvarig f\u00f6r sina f\u00f6r\u00e4ldrars handlingar, men i Jos\u00e9 Antonio Kasts fall \u00e4r kopplingarna till fascismen sv\u00e5ra att bortse fr\u00e5n. Den 11 mars n\u00e4sta \u00e5r sv\u00e4rs han in som Chiles president. D\u00e5 inleds ett politiskt experiment som Pinochet skulle varit stolt \u00f6ver. Sj\u00e4lv har Kast sagt att \u201dom Pinochet levde skulle han ha r\u00f6stat p\u00e5 mig\u201d. Det tvivlar ingen p\u00e5.<\/p>\n","protected":false},"excerpt":{"rendered":"Detta \u00e4r en kommenterande text. Skribenten svarar f\u00f6r analys och st\u00e4llningstaganden i texten. F\u00f6r den chilenska v\u00e4nstern \u00e4r&hellip;\n","protected":false},"author":2,"featured_media":106246,"comment_status":"","ping_status":"","sticky":false,"template":"","format":"standard","meta":{"footnotes":""},"categories":[14],"tags":[22,23,26,27,17,21,24,25,28,29,15,16,18,34,31,33,32,30,19,20,51,52,53,54],"class_list":{"0":"post-106245","1":"post","2":"type-post","3":"status-publish","4":"format-standard","5":"has-post-thumbnail","7":"category-varlden","8":"tag-breaking-news","9":"tag-breakingnews","10":"tag-featured-news","11":"tag-featurednews","12":"tag-headlines","13":"tag-huvudnyheter","14":"tag-latest-news","15":"tag-latestnews","16":"tag-main-news","17":"tag-mainnews","18":"tag-news","19":"tag-nyheter","20":"tag-rubriker","21":"tag-se","22":"tag-svenska","23":"tag-sverige","24":"tag-sweden","25":"tag-swedish","26":"tag-top-stories","27":"tag-topstories","28":"tag-varlden","29":"tag-world","30":"tag-world-news","31":"tag-worldnews"},"share_on_mastodon":{"url":"https:\/\/pubeurope.com\/@se\/115722033951154383","error":""},"_links":{"self":[{"href":"https:\/\/www.europesays.com\/se\/wp-json\/wp\/v2\/posts\/106245","targetHints":{"allow":["GET"]}}],"collection":[{"href":"https:\/\/www.europesays.com\/se\/wp-json\/wp\/v2\/posts"}],"about":[{"href":"https:\/\/www.europesays.com\/se\/wp-json\/wp\/v2\/types\/post"}],"author":[{"embeddable":true,"href":"https:\/\/www.europesays.com\/se\/wp-json\/wp\/v2\/users\/2"}],"replies":[{"embeddable":true,"href":"https:\/\/www.europesays.com\/se\/wp-json\/wp\/v2\/comments?post=106245"}],"version-history":[{"count":0,"href":"https:\/\/www.europesays.com\/se\/wp-json\/wp\/v2\/posts\/106245\/revisions"}],"wp:featuredmedia":[{"embeddable":true,"href":"https:\/\/www.europesays.com\/se\/wp-json\/wp\/v2\/media\/106246"}],"wp:attachment":[{"href":"https:\/\/www.europesays.com\/se\/wp-json\/wp\/v2\/media?parent=106245"}],"wp:term":[{"taxonomy":"category","embeddable":true,"href":"https:\/\/www.europesays.com\/se\/wp-json\/wp\/v2\/categories?post=106245"},{"taxonomy":"post_tag","embeddable":true,"href":"https:\/\/www.europesays.com\/se\/wp-json\/wp\/v2\/tags?post=106245"}],"curies":[{"name":"wp","href":"https:\/\/api.w.org\/{rel}","templated":true}]}}