{"id":106247,"date":"2025-12-15T05:54:07","date_gmt":"2025-12-15T05:54:07","guid":{"rendered":"https:\/\/www.europesays.com\/se\/106247\/"},"modified":"2025-12-15T05:54:07","modified_gmt":"2025-12-15T05:54:07","slug":"tandskoterskorna-far-inte-arbeta-tvingas-till-kazakhstan","status":"publish","type":"post","link":"https:\/\/www.europesays.com\/se\/106247\/","title":{"rendered":"Tandsk\u00f6terskorna f\u00e5r inte arbeta \u2013 tvingas till Kazakhstan"},"content":{"rendered":"<p>Evgenii Lisodid och Iana Penia \u00e4r b\u00e5da utbildade till specialisttandl\u00e4kare i Ryssland. De kom till Sverige 2022 och b\u00f6rjade d\u00e5 arbeta som tandsk\u00f6terskor. D\u00e4refter har de b\u00e5da jobbat p\u00e5 Folktandv\u00e5rden i Boden d\u00e4r de bor, och Evgenii ibland ocks\u00e5 som stafett-tandsk\u00f6terska i G\u00e4llivare. De har tidigare ber\u00e4ttat sin historia i <a href=\"https:\/\/www.nsd.se\/nyheter\/boden\/artikel\/tandlakarparet-i-boden-ska-utvisas\/rx70vn8l\" rel=\"nofollow noopener\" target=\"_blank\">tidningen NSD<\/a>.<\/p>\n<p>\u2013 Vi jobbar och k\u00e4nner oss v\u00e4l integrerade i samh\u00e4llet. Vi har uppn\u00e5tt golvet i vad man m\u00e5ste tj\u00e4na och vi \u00e4r aktiva i idrottsf\u00f6reningar d\u00e4r vi bor. Vi har gjort allt som det svenska samh\u00e4llet har kr\u00e4vt av oss, men i mars f\u00f6r\u00e4ndrades allt, s\u00e4ger Evgenii Lisodid.<\/p>\n<p>M\u00e5ste s\u00e4ga upp sig och l\u00e4mna landet<\/p>\n<p>Det som h\u00e4nde var att lagen om sp\u00e5rbyte f\u00f6r\u00e4ndrades fr\u00e5n den 1 april. M\u00e4nninskor som har arbetstillst\u00e5nd efter att ha f\u00e5tt avslag p\u00e5 sin asylans\u00f6kan m\u00e5ste nu ans\u00f6ka om nytt uppeh\u00e5llstillst\u00e5nd fr\u00e5n sitt hemland.<\/p>\n<p>Parets son g\u00e5r i sexan och trivs bra i skolan. B\u00e5da har ambitionen att f\u00e5 arbeta som tandl\u00e4kare i Sverige och ut\u00f6ver arbetet som tandsk\u00f6terskor l\u00e4gger de d\u00e4rf\u00f6r tid p\u00e5 att f\u00e5 sina legitimationer.<\/p>\n<p>Evgenii Lisodid ska g\u00f6ra ett praktiskt prov i januari.<\/p>\n<p>\u2013 Om jag blir godk\u00e4nd kommer jag sedan att g\u00e5 igenom en praktisk tj\u00e4nstg\u00f6ring p\u00e5 hemmaklinken. D\u00e5 jobbar man som tandl\u00e4kare under handledning och det \u00e4r en ganska rak v\u00e4g till legitimation. Min fru Iana har valt att l\u00e4sa in svenskan p\u00e5 gymnasieniv\u00e5. Det \u00e4r hon klar med till \u00e5rsskiftet. D\u00e4refter ska hon studera ett \u00e5r p\u00e5 en kompletterande utbildning f\u00f6r att d\u00e4refter f\u00e5 sin tandl\u00e4karlegitimation i Sverige, s\u00e4ger Evgenii Lisodid.<\/p>\n<p>Arbetar i bristyrke<\/p>\n<p>Hela familjen trivs bra i Sverige och har tagits emot v\u00e4l i Boden. D\u00e5 det ocks\u00e5 \u00e4r brist p\u00e5 tandsk\u00f6terskor har de k\u00e4nt sig beh\u00f6vda p\u00e5 arbetet i v\u00e4ntan p\u00e5 att kunna bidra ocks\u00e5 i sitt yrke som tandl\u00e4kare d\u00e4r det ocks\u00e5 beh\u00f6vs arbetskraft.<\/p>\n<p>Eftersom Evgenii Lisodid och hans fru Iana Penia \u00e4r ryska medborgare och Evgenii ocks\u00e5 har ukrainskt pass, \u00e4r det inte ett alternativ f\u00f6r dem att resa till Ryssland. De har haft en diskussion med Migrationsverket och landat i att hela familjen i januari ska resa till Kazakstan och ans\u00f6ka om nytt uppeh\u00e5llstillst\u00e5nd och arbetstillst\u00e5nd d\u00e4rifr\u00e5n.<\/p>\n<p>\u2013 Vi vet inte hur l\u00e4nge vi kommer att beh\u00f6va stanna d\u00e4r och n\u00e4r vi kan resa tillbaka, s\u00e4ger Evgenii Lisodid.<\/p>\n<p>Vill inte missa nationella prov<\/p>\n<p>Paret planerar nu att g\u00f6ra sig av med sin l\u00e4genhet och vet inte hur de ska g\u00f6ra med bilen.<\/p>\n<p>Hela familjen har m\u00e5tt d\u00e5ligt sedan beskedet.<\/p>\n<p>\u2013 Det k\u00e4nns v\u00e4ldigt jobbigt. Sonen som g\u00e5r i sexan vill inte l\u00e4mna skolan d\u00e4r han trivs j\u00e4ttebra och riskera att missa nationella prov.<\/p>\n<p>Patienterna tappar tv\u00e5 tandsk\u00f6terskor<\/p>\n<p>Evgenii och frun Iana f\u00e5r inte l\u00e4ngre jobba och sitter nu hemma i l\u00e4genheten om dagarna och v\u00e4ntar p\u00e5 att l\u00e4mna landet efter att Evgenii har gjort det sista praktiska provet som \u00e5terst\u00e5r innan han f\u00e5r sin svenska tandl\u00e4karlegitimation. Han och frun tycker att det \u00e4r v\u00e4ldigt tr\u00e5kigt att beslutet framf\u00f6r allt drabbar m\u00e4nniskor som jobbar och klarar l\u00f6negolvet.<\/p>\n<p>\u2013 Det k\u00e4nns som att det sl\u00e5r mot fel personer. Det \u00e4r ocks\u00e5 synd om patienterna p\u00e5 Folktandv\u00e5rden i Boden som tappar tv\u00e5 tandsk\u00f6terskor som snart kan arbeta som tandl\u00e4kare.<\/p>\n<p>Arbetsv\u00e4rlden har s\u00f6kt migrationsminister Johan Forsell (M) men han har inte \u00e5terkommit.<\/p>\n","protected":false},"excerpt":{"rendered":"Evgenii Lisodid och Iana Penia \u00e4r b\u00e5da utbildade till specialisttandl\u00e4kare i Ryssland. De kom till Sverige 2022 och&hellip;\n","protected":false},"author":2,"featured_media":106248,"comment_status":"","ping_status":"","sticky":false,"template":"","format":"standard","meta":{"footnotes":""},"categories":[12],"tags":[11888,22,23,26,27,17,21,24,25,28,29,2815,15,16,18,34,11889,31,33,32,30,19,20,11890],"class_list":{"0":"post-106247","1":"post","2":"type-post","3":"status-publish","4":"format-standard","5":"has-post-thumbnail","7":"category-sverige","8":"tag-asyl","9":"tag-breaking-news","10":"tag-breakingnews","11":"tag-featured-news","12":"tag-featurednews","13":"tag-headlines","14":"tag-huvudnyheter","15":"tag-latest-news","16":"tag-latestnews","17":"tag-main-news","18":"tag-mainnews","19":"tag-migration","20":"tag-news","21":"tag-nyheter","22":"tag-rubriker","23":"tag-se","24":"tag-sparbyte","25":"tag-svenska","26":"tag-sverige","27":"tag-sweden","28":"tag-swedish","29":"tag-top-stories","30":"tag-topstories","31":"tag-utvisning"},"share_on_mastodon":{"url":"https:\/\/pubeurope.com\/@se\/115722037805699046","error":""},"_links":{"self":[{"href":"https:\/\/www.europesays.com\/se\/wp-json\/wp\/v2\/posts\/106247","targetHints":{"allow":["GET"]}}],"collection":[{"href":"https:\/\/www.europesays.com\/se\/wp-json\/wp\/v2\/posts"}],"about":[{"href":"https:\/\/www.europesays.com\/se\/wp-json\/wp\/v2\/types\/post"}],"author":[{"embeddable":true,"href":"https:\/\/www.europesays.com\/se\/wp-json\/wp\/v2\/users\/2"}],"replies":[{"embeddable":true,"href":"https:\/\/www.europesays.com\/se\/wp-json\/wp\/v2\/comments?post=106247"}],"version-history":[{"count":0,"href":"https:\/\/www.europesays.com\/se\/wp-json\/wp\/v2\/posts\/106247\/revisions"}],"wp:featuredmedia":[{"embeddable":true,"href":"https:\/\/www.europesays.com\/se\/wp-json\/wp\/v2\/media\/106248"}],"wp:attachment":[{"href":"https:\/\/www.europesays.com\/se\/wp-json\/wp\/v2\/media?parent=106247"}],"wp:term":[{"taxonomy":"category","embeddable":true,"href":"https:\/\/www.europesays.com\/se\/wp-json\/wp\/v2\/categories?post=106247"},{"taxonomy":"post_tag","embeddable":true,"href":"https:\/\/www.europesays.com\/se\/wp-json\/wp\/v2\/tags?post=106247"}],"curies":[{"name":"wp","href":"https:\/\/api.w.org\/{rel}","templated":true}]}}