{"id":106255,"date":"2025-12-15T06:01:08","date_gmt":"2025-12-15T06:01:08","guid":{"rendered":"https:\/\/www.europesays.com\/se\/106255\/"},"modified":"2025-12-15T06:01:08","modified_gmt":"2025-12-15T06:01:08","slug":"mediemogulen-jimmy-lai-doms-i-hongkong","status":"publish","type":"post","link":"https:\/\/www.europesays.com\/se\/106255\/","title":{"rendered":"Mediemogulen Jimmy Lai d\u00f6ms i Hongkong"},"content":{"rendered":"<p><strong>76-\u00e5rige Lai d\u00f6mdes<\/strong> p\u00e5 m\u00e5ndagen f\u00f6r tv\u00e5 fall av utl\u00e4ndsk samverkan och ett fall av uppviglande publicering.<\/p>\n<p>Han anklagas f\u00f6r att ha samarbetat med utl\u00e4ndska krafter inom ramarna f\u00f6r den kontroversiella, nationella s\u00e4kerhetslag som Kina inf\u00f6rde i Hongkong 2020.<\/p>\n<p>R\u00e4ttsprocessen har f\u00e5tt h\u00e5rd kritik fr\u00e5n omv\u00e4rlden. Organisationen The Committee to Protect Journalists, CPJ, f\u00f6rd\u00f6mer domen och anser att den understryker Hongkongs f\u00f6rakt mot pressfriheten.<\/p>\n<p>\u201dDenna skenr\u00e4tteg\u00e5ng \u00e4r en skamlig f\u00f6rf\u00f6ljelse\u201d, s\u00e4ger Beh Lih Yi, chef vid CPJ i Asien-Stillahavsregionen.<\/p>\n<p><strong>Jimmy Lai grundade<\/strong> den nu nedlagda prodemokratiska och p\u00e5 sin tid ofta Pekingkritiska tidningen Apple Daily. Han \u00e4r en uttalad kritiker mot Kinas regerande kommunistparti, CCP.<\/p>\n<p>2019 d\u00f6mdes Lai till fem \u00e5rs f\u00e4ngelse f\u00f6r bedr\u00e4geri. \u00c4ven den domen kritiserades.<\/p>\n<p>Lai riskerar livstids f\u00e4ngelse i och med den f\u00e4llande domen.<\/p>\n","protected":false},"excerpt":{"rendered":"76-\u00e5rige Lai d\u00f6mdes p\u00e5 m\u00e5ndagen f\u00f6r tv\u00e5 fall av utl\u00e4ndsk samverkan och ett fall av uppviglande publicering. Han&hellip;\n","protected":false},"author":2,"featured_media":106256,"comment_status":"","ping_status":"","sticky":false,"template":"","format":"standard","meta":{"footnotes":""},"categories":[14],"tags":[22,23,26,27,17,21,24,25,28,29,15,16,18,34,31,33,32,30,19,20,51,52,53,54],"class_list":{"0":"post-106255","1":"post","2":"type-post","3":"status-publish","4":"format-standard","5":"has-post-thumbnail","7":"category-varlden","8":"tag-breaking-news","9":"tag-breakingnews","10":"tag-featured-news","11":"tag-featurednews","12":"tag-headlines","13":"tag-huvudnyheter","14":"tag-latest-news","15":"tag-latestnews","16":"tag-main-news","17":"tag-mainnews","18":"tag-news","19":"tag-nyheter","20":"tag-rubriker","21":"tag-se","22":"tag-svenska","23":"tag-sverige","24":"tag-sweden","25":"tag-swedish","26":"tag-top-stories","27":"tag-topstories","28":"tag-varlden","29":"tag-world","30":"tag-world-news","31":"tag-worldnews"},"share_on_mastodon":{"url":"https:\/\/pubeurope.com\/@se\/115722065272366233","error":""},"_links":{"self":[{"href":"https:\/\/www.europesays.com\/se\/wp-json\/wp\/v2\/posts\/106255","targetHints":{"allow":["GET"]}}],"collection":[{"href":"https:\/\/www.europesays.com\/se\/wp-json\/wp\/v2\/posts"}],"about":[{"href":"https:\/\/www.europesays.com\/se\/wp-json\/wp\/v2\/types\/post"}],"author":[{"embeddable":true,"href":"https:\/\/www.europesays.com\/se\/wp-json\/wp\/v2\/users\/2"}],"replies":[{"embeddable":true,"href":"https:\/\/www.europesays.com\/se\/wp-json\/wp\/v2\/comments?post=106255"}],"version-history":[{"count":0,"href":"https:\/\/www.europesays.com\/se\/wp-json\/wp\/v2\/posts\/106255\/revisions"}],"wp:featuredmedia":[{"embeddable":true,"href":"https:\/\/www.europesays.com\/se\/wp-json\/wp\/v2\/media\/106256"}],"wp:attachment":[{"href":"https:\/\/www.europesays.com\/se\/wp-json\/wp\/v2\/media?parent=106255"}],"wp:term":[{"taxonomy":"category","embeddable":true,"href":"https:\/\/www.europesays.com\/se\/wp-json\/wp\/v2\/categories?post=106255"},{"taxonomy":"post_tag","embeddable":true,"href":"https:\/\/www.europesays.com\/se\/wp-json\/wp\/v2\/tags?post=106255"}],"curies":[{"name":"wp","href":"https:\/\/api.w.org\/{rel}","templated":true}]}}