{"id":106271,"date":"2025-12-15T06:17:12","date_gmt":"2025-12-15T06:17:12","guid":{"rendered":"https:\/\/www.europesays.com\/se\/106271\/"},"modified":"2025-12-15T06:17:12","modified_gmt":"2025-12-15T06:17:12","slug":"julen-i-p4-delikatesser-i-ljudform-pressinformation","status":"publish","type":"post","link":"https:\/\/www.europesays.com\/se\/106271\/","title":{"rendered":"Julen i P4: \u201cDelikatesser i ljudform\u201d &#8211; Pressinformation"},"content":{"rendered":"<p>\u2013 Julen \u00e4r en viktig h\u00f6gtid f\u00f6r P4 och dessutom en chans f\u00f6r m\u00e5nga att lyssna p\u00e5 radio under lite andra tider \u00e4n vanligt, s\u00e5 d\u00e4rf\u00f6r bjuder vi p\u00e5 ett sm\u00f6rg\u00e5sbord av olika delikatesser i ljudform, s\u00e4ger <strong>Ulf Myrestam<\/strong>, kanalansvarig f\u00f6r P4.<br \/>\u2013 F\u00f6rhoppningen \u00e4r att alla ska hitta just sin favorit att lyssna p\u00e5 under jul och ny\u00e5r.<\/p>\n<p>N\u00c5GRA H\u00d6JDPUNKTER I P4:S JUL OCH NY\u00c5R<\/p>\n<p><strong>Dan f\u00f6re dan \u2013 23 december <\/strong><br \/>21.03-24.00 Karlavagnens uppesittarkv\u00e4ll med Sarit Monastyrski<br \/>Karlavagnen f\u00f6ljer upp det g\u00e5ngna \u00e5ret, pratar med julst\u00f6kande lyssnare, tr\u00e4ffar sp\u00e4nnande g\u00e4ster och spelar s\u00e5klart st\u00e4mningsfull julmusik. \u201dMin f\u00f6rhoppning \u00e4r att det ska k\u00e4nnas som en sprakande l\u00e4gereld som vi samlas kring\u201d, s\u00e4ger programledaren Sarit Monastyrski.<\/p>\n<p><strong>Julafton \u00a0<\/strong><br \/>21.03-23.00 P4 Country Julspecial<br \/>P4 Countrys Mattias Hansson har riksspelmannen Kalle Moraeus med sig i studion. De spelar den b\u00e4sta julcountry-musiken och Kalle bjuder p\u00e5 sina b\u00e4sta julhistorier.<\/p>\n<p>23.05-24.00 Julaftonskv\u00e4ll med Henrik Olsson<br \/>Julafton avslutas p\u00e5 den lilla orten Bruzaholm i norra Sm\u00e5land. Henrik Olsson tar med lyssnarna p\u00e5 en tur till ett av Sveriges \u00e4ldsta f\u00f6retag, bes\u00f6ker den lokala Kungens kurva och h\u00e4lsar p\u00e5 hos Kulturf\u00f6reningen Kristallen. Allt inramat av \u00f6nskejulmusik.<\/p>\n<p><strong>Juldagen <\/strong><br \/>12.03-13.00 Jul i Las Vegas: Sammy Davis 100 \u00e5r <br \/>Julst\u00e4mning med artister fr\u00e5n Las Vegas glansdagar. Sammy Davis Jr skulle ha fyllt 100 i \u00e5r. Programledaren Gustaf Larsson m\u00f6ter bland andra Engelbert Humperdinck som ber\u00e4ttar om v\u00e4nnen Sammy Davis Jr.<\/p>\n<p>15.03-16.45 Mammas Nya Kille Special. (Podden publiceras kl. 07) <br \/>Bengt Str\u00f6mbro och Olof Wretling bjuder p\u00e5 en of\u00f6rgl\u00f6mlig kv\u00e4ll om Mangans makal\u00f6sa livsresa. Det blir minnen, avsl\u00f6janden och g\u00e4ster som Katla, Peter Nilsson och Shanti. Inspelning fr\u00e5n Lund Comedy Festival.<\/p>\n<p>17.00-19.00 Musikspecial: Sylvia Vrethammar\u00a0<br \/>Sylvia fyllde nyligen 80 och firade med att bjuda publiken p\u00e5 en show. Hon ber\u00e4ttar ocks\u00e5 om sina hits, k\u00e4rleken till jazzen och samban och om livet i Tyskland d\u00e4r hon bor sedan m\u00e5nga \u00e5r. Programledare: Micke Cederberg.<\/p>\n<p><strong>Ny\u00e5rsafton <\/strong><br \/>21.03-23.00 P4 Musikmix Ny\u00e5rsspecial<br \/>Cia Sivertsdotter bjuder p\u00e5 ett fyrverkeri av partyl\u00e5tar, perfekta att dansa in det nya \u00e5ret till \u2013 od\u00f6dliga partyhits s\u00e5v\u00e4l som hits fr\u00e5n \u00e5ret som g\u00e5tt. T\u00e4nk glitter, bubbel och nedr\u00e4kning!<\/p>\n<p><strong>Ny\u00e5rsdagen <\/strong><br \/>15.03-16.45 \u00c5rets Svensktoppsmelodier<br \/>Carolina Nor\u00e9n summerar det g\u00e5ngna Svensktopps\u00e5ret och tillk\u00e4nnager en rad utn\u00e4mningar. Carolina \u00f6verraskar genom att ringa upp vinnarna eller helt enkelt dyka upp hos dem.<\/p>\n<p>19.03-20.00 Radiosportens \u00e5rskr\u00f6nika 2025<\/p>\n<p>20.03-22.00 Musikspecial:<strong>\u00a0<\/strong>Towa Carson<br \/>Towa Carson och programledaren Micke Cederberg lyssnar p\u00e5 alla hennes hits och Towa ber\u00e4ttar om sina go cart- och travt\u00e4vlingar och att hon behandlats som en drottning i Lax\u00e5. Lyssnarna f\u00e5r \u00e4ven h\u00f6ra hur det l\u00e4t n\u00e4r Towa vann en talangt\u00e4vling 1954.<\/p>\n<p><strong>Pressbild:\u00a0<\/strong><a target=\"_blank\" rel=\"noopener noreferrer nofollow\" href=\"https:\/\/sverigesradio.bildbank.se\/sv\/delad\/wv98h7aen7\">https:\/\/sverigesradio.bildbank.se\/sv\/delad\/wv98h7aen7<\/a><\/p>\n<p><strong>F\u00f6r ytterligare information, kontakta:<\/strong><br \/>Olof Heijer, kommunikationsansvarig<a target=\"_blank\" rel=\"noopener noreferrer nofollow\" href=\"https:\/\/www.sverigesradio.se\/artikel\/mailto:kommunikationsansvarig\ufffcolof.heijer@sverigesradio.se\"><br \/>olof.heijer@sverigesradio.se<\/a><br \/>073-712 48 20<\/p>\n<p>\u200b<\/p>\n","protected":false},"excerpt":{"rendered":"\u2013 Julen \u00e4r en viktig h\u00f6gtid f\u00f6r P4 och dessutom en chans f\u00f6r m\u00e5nga att lyssna p\u00e5 radio&hellip;\n","protected":false},"author":2,"featured_media":106272,"comment_status":"","ping_status":"","sticky":false,"template":"","format":"standard","meta":{"footnotes":""},"categories":[67],"tags":[104,1183,1184,1181,1180,34,1182,31,33,32,30,105],"class_list":{"0":"post-106271","1":"post","2":"type-post","3":"status-publish","4":"format-standard","5":"has-post-thumbnail","7":"category-underhallning","8":"tag-entertainment","9":"tag-press-sr","10":"tag-pressinfo-sr","11":"tag-pressinformation-sr","12":"tag-presstjnsten-sveriges-radio","13":"tag-se","14":"tag-sr-press","15":"tag-svenska","16":"tag-sverige","17":"tag-sweden","18":"tag-swedish","19":"tag-underhallning"},"share_on_mastodon":{"url":"https:\/\/pubeurope.com\/@se\/115722128174477316","error":""},"_links":{"self":[{"href":"https:\/\/www.europesays.com\/se\/wp-json\/wp\/v2\/posts\/106271","targetHints":{"allow":["GET"]}}],"collection":[{"href":"https:\/\/www.europesays.com\/se\/wp-json\/wp\/v2\/posts"}],"about":[{"href":"https:\/\/www.europesays.com\/se\/wp-json\/wp\/v2\/types\/post"}],"author":[{"embeddable":true,"href":"https:\/\/www.europesays.com\/se\/wp-json\/wp\/v2\/users\/2"}],"replies":[{"embeddable":true,"href":"https:\/\/www.europesays.com\/se\/wp-json\/wp\/v2\/comments?post=106271"}],"version-history":[{"count":0,"href":"https:\/\/www.europesays.com\/se\/wp-json\/wp\/v2\/posts\/106271\/revisions"}],"wp:featuredmedia":[{"embeddable":true,"href":"https:\/\/www.europesays.com\/se\/wp-json\/wp\/v2\/media\/106272"}],"wp:attachment":[{"href":"https:\/\/www.europesays.com\/se\/wp-json\/wp\/v2\/media?parent=106271"}],"wp:term":[{"taxonomy":"category","embeddable":true,"href":"https:\/\/www.europesays.com\/se\/wp-json\/wp\/v2\/categories?post=106271"},{"taxonomy":"post_tag","embeddable":true,"href":"https:\/\/www.europesays.com\/se\/wp-json\/wp\/v2\/tags?post=106271"}],"curies":[{"name":"wp","href":"https:\/\/api.w.org\/{rel}","templated":true}]}}