{"id":106275,"date":"2025-12-15T06:22:17","date_gmt":"2025-12-15T06:22:17","guid":{"rendered":"https:\/\/www.europesays.com\/se\/106275\/"},"modified":"2025-12-15T06:22:17","modified_gmt":"2025-12-15T06:22:17","slug":"i-ruinerna-av-svenskbynavslojas-putins-hyckleri-ledare","status":"publish","type":"post","link":"https:\/\/www.europesays.com\/se\/106275\/","title":{"rendered":"I ruinerna av svenskbyn\navsl\u00f6jas Putins hyckleri | Ledare"},"content":{"rendered":"<p>Publicerad 15 dec 2025 kl 06.10<\/p>\n<p>I hundratals \u00e5r har en liten grupp svensktalande levt i Ukraina. Efter Rysslands terrorbombningar \u00e4r bara tv\u00e5 kvar.<\/p>\n<p><img   alt=\"\"\/><\/p>\n<p>Dr\u00f6narbilder visar f\u00f6r\u00f6delsen. Gammalsvenskby har utsatts f\u00f6r tung beskjutning.<\/p>\n<p>Foto: Sk\u00e4rmdump<\/p>\n<p>\u00d6ppna bild i helsk\u00e4rm<img loading=\"lazy\"   alt=\"\"\/><\/p>\n<p>Kungaparet bes\u00f6kte Gammalsvenskby 2008 och invigde en ny v\u00e4g. Den spr\u00e4ngdes 2022.<\/p>\n<p>Foto: HENRIK MONTGOMERY \/ TT NYHETSBYR\u00c5N<\/p>\n<p>\u00d6ppna bild i helsk\u00e4rm<img loading=\"lazy\"   alt=\"\"\/><\/p>\n<p>Den svensk-tyska l\u00e5ngdistansroboten Taurus har en r\u00e4ckvidd p\u00e5 mer \u00e4n 50 mil.<\/p>\n<p>Foto: Pressbild \/ SAAB<\/p>\n<p>\u00d6ppna bild i helsk\u00e4rm<\/p>\n<p>I n\u00e4ra 250 \u00e5r har en liten by legat vid floden Dneprs strand i Cherson. Den skiljer sig fr\u00e5n grannbyarna d\u00e5 inv\u00e5narna h\u00e4r pratar 1700-talssvenska. Deras anf\u00e4der tvingades l\u00e4mna Dag\u00f6, i nuvarande Estland, p\u00e5 order av Katarina den stora. Tusen gav sig av, men m\u00e5nga \u00f6verlevde inte den l\u00e5nga vandringen fr\u00e5n \u00d6stersj\u00f6n till syd\u00f6stra Ukraina. Trots att Gammalsvenskby bara har brukat ha omkring 150 inv\u00e5nare sedan dess har det svenska arvet bevarats.<\/p>\n<p>Nu \u00e4r byn n\u00e4stintill t\u00f6md, rapporterar norska <a href=\"https:\/\/www.aftenposten.no\/verden\/i\/pBg0oG\/russerne-har-tilintetgjort-svensk-landsby\" rel=\"nofollow noopener\" target=\"_blank\">Aftenposten<\/a>.<\/p>\n<p><strong>Den intogs \u2013 och l\u00e4mnades \u2013 av ryssarna under krigets f\u00f6rsta \u00e5r. Vid retr\u00e4tten minerade soldaterna omr\u00e5det, h\u00f6gg ned elstolparna, spr\u00e4ngde \u201dKungsv\u00e4gen\u201d som byggdes 2008 inf\u00f6r det svenska kungaparets bes\u00f6k.<\/strong><\/p>\n<p>Nu ligger Gammalsvenskby i frontlinjen, och beskjuts ob\u00f6nh\u00f6rligt med artilleri och dr\u00f6nare fr\u00e5n de ryska st\u00e4llningarna p\u00e5 andra sidan floden.<\/p>\n<p>Dr\u00f6narfilmer, som ryska soldater postat p\u00e5 Telegram, visar f\u00f6r\u00f6delsen.\u00a0<\/p>\n<p>Av den protestantiska kyrkan \u2013 som byggdes 1895 efter en insamling i Sverige och Finland \u2013 \u00e5terst\u00e5r bara ett skal. Den vita putsen \u00e4r svart av sot, taket \u00e4r helt borta. Men guldkorset i toppen av kyrktornet \u00e4r kvar, ovanf\u00f6r svartbr\u00e4nda takbj\u00e4lkar.\u00a0<\/p>\n<p>Alla inv\u00e5nare har l\u00e4mnat, utom tv\u00e5. Hur l\u00e4nge h\u00e5ller den sista spillran av svensktalande i Ukraina ut?<\/p>\n<blockquote><p>Med den ryska logiken har Sverige d\u00e4rmed casus belli \u2013 r\u00e4tt att s\u00e4tta in milit\u00e4ren f\u00f6r att r\u00e4dda de sista svensktalande.<\/p><\/blockquote>\n<p>Det \u00e4r s\u00e5 h\u00e4r <a href=\"https:\/\/www.expressen.se\/tagg\/location\/ryssland\/\" class=\"\" rel=\"nofollow noopener\" target=\"_blank\">Ryssland<\/a> behandlar dem som lever i omr\u00e5den som bj\u00f6rnen vill sv\u00e4lja. Ryssland bombar civila m\u00e5l \u2013 bost\u00e4der, sjukhus, kyrkor, j\u00e4rnv\u00e4gsstationer, skolor \u2013 inte av misstag, utan som strategi. Befolkningen i ockuperade omr\u00e5den tvingas ge upp sin identitet och \u201df\u00f6rryskas\u201d.\u00a0<\/p>\n<p><strong>Det \u00e4r en bitter ironi. F\u00f6r vilket <\/strong><a href=\"https:\/\/www.atlanticcouncil.org\/blogs\/natosource\/putin-vows-to-actively-defend-russians-living-abroad\/\" rel=\"nofollow noopener\" target=\"_blank\"><strong>sk\u00e4l<\/strong><\/a><strong> anf\u00f6rde Putin f\u00f6r att anfalla Ukraina inte bara en g\u00e5ng, utan tv\u00e5? Rysslands r\u00e4tt att med v\u00e5ld skydda rysktalande utomlands fr\u00e5n f\u00f6rtryck och folkmord. Det \u00e4r en humanit\u00e4r princip, p\u00e5st\u00e5r Moskva.<\/strong><\/p>\n<p>Id\u00e9n f\u00f6ddes under 1990-talet, n\u00e4r ryska nationalister s\u00f6rjde Sovjets fall och f\u00f6rlusten av republikerna. Kommunismen som sammanh\u00e5llande kitt hade fallit. I st\u00e4llet <a href=\"https:\/\/www.csis.org\/analysis\/russias-adaptation-game-deciphering-kremlins-humanitarian-policy\" rel=\"nofollow noopener\" target=\"_blank\">lanserade<\/a> man Russkij Mir, den ryska v\u00e4rlden. Ideologin inneb\u00e4r att det ryska spr\u00e5ket, kulturen, kyrkan och moralen \u00e4r \u00f6verl\u00e4gsen och att grannl\u00e4nderna ska inordna sig i en politisk och kulturell intressesf\u00e4r.<\/p>\n<p>D\u00e4rf\u00f6r har Ryssland r\u00e4tt att intervenera i andra l\u00e4nder \u00e5 den rysktalande befolkningens v\u00e4gar. \u00c5tminstone enligt rysk lag.<\/p>\n<p><strong>Gammalsvenskby har j\u00e4mnats med marken. Med den ryska logiken har Sverige d\u00e4rmed <\/strong><strong>casus belli<\/strong><strong> \u2013 r\u00e4tt att s\u00e4tta in milit\u00e4ren f\u00f6r att r\u00e4dda de sista svensktalande.\u00a0<\/strong><\/p>\n<p>Men Sverige \u00e4r ett land som f\u00f6ljer folkr\u00e4tten. P\u00e5l Jonson kommer inte att skicka svenska operat\u00f6rer fr\u00e5n Karlsborg till ruinerna i Cherson.\u00a0<\/p>\n<p>Ett b\u00e4ttre svar vore att skruva upp st\u00f6det till Ukraina ytterligare. Zelenskyj har l\u00e4nge <a href=\"https:\/\/www.nyteknik.se\/samhalle\/svenska-gripen-plan-rustas-med-ny-kryssningsrobot-langre-rackvidd\/4336099\" rel=\"nofollow noopener\" target=\"_blank\">efterfr\u00e5gat<\/a> den svensk-tyska l\u00e5ngdistansroboten Taurus \u2013 som kan n\u00e5 Moskva.\u00a0<\/p>\n<p>Regeringen m\u00e5ste s\u00e4tta press p\u00e5 kansler Merz, som har h\u00e5llit emot, och se till att Kiev f\u00e5r den l\u00e5ngr\u00e4ckviddiga f\u00f6rm\u00e5ga man beh\u00f6ver.<\/p>\n<p><strong>Se det som en h\u00e4lsning fr\u00e5n Gammalsvenskby.<\/strong><\/p>\n<p><strong>L\u00c4S MER: <\/strong><a href=\"https:\/\/www.expressen.se\/ledare\/ledare-trumps-plan-tvinga-ukraina-att-ge-upp\/\" class=\"\" rel=\"nofollow noopener\" target=\"_blank\">LEDARE: Trumps plan: Tvinga Ukraina att ge upp<\/a><strong>L\u00c4S MER: <\/strong><a href=\"https:\/\/www.expressen.se\/ledare\/linda-jerneck\/vi-har-missforstatt-putins-plan-i-ukraina\/\" class=\"\" rel=\"nofollow noopener\" target=\"_blank\">Vi har missf\u00f6rst\u00e5tt Putins plan i Ukraina<\/a><\/p>\n","protected":false},"excerpt":{"rendered":"Publicerad 15 dec 2025 kl 06.10 I hundratals \u00e5r har en liten grupp svensktalande levt i Ukraina. Efter&hellip;\n","protected":false},"author":2,"featured_media":106276,"comment_status":"","ping_status":"","sticky":false,"template":"","format":"standard","meta":{"footnotes":""},"categories":[12],"tags":[50,22,23,26,27,17,21,24,25,6172,1598,11891,4565,274,202,28,29,15,16,410,39,203,906,18,34,31,33,32,30,19,49,20],"class_list":{"0":"post-106275","1":"post","2":"type-post","3":"status-publish","4":"format-standard","5":"has-post-thumbnail","7":"category-sverige","8":"tag-arme-forsvar","9":"tag-breaking-news","10":"tag-breakingnews","11":"tag-featured-news","12":"tag-featurednews","13":"tag-headlines","14":"tag-huvudnyheter","15":"tag-latest-news","16":"tag-latestnews","17":"tag-location-cherson","18":"tag-location-estland","19":"tag-location-karlsborg","20":"tag-location-moskva","21":"tag-location-ryssland","22":"tag-location-ukraina","23":"tag-main-news","24":"tag-mainnews","25":"tag-news","26":"tag-nyheter","27":"tag-organization-saab","28":"tag-person-pal-jonson","29":"tag-person-vladimir-putin","30":"tag-person-volodymyr-zelenskyj","31":"tag-rubriker","32":"tag-se","33":"tag-svenska","34":"tag-sverige","35":"tag-sweden","36":"tag-swedish","37":"tag-top-stories","38":"tag-topic-militar","39":"tag-topstories"},"share_on_mastodon":{"url":"","error":"Validation failed: Text character limit of 500 exceeded"},"_links":{"self":[{"href":"https:\/\/www.europesays.com\/se\/wp-json\/wp\/v2\/posts\/106275","targetHints":{"allow":["GET"]}}],"collection":[{"href":"https:\/\/www.europesays.com\/se\/wp-json\/wp\/v2\/posts"}],"about":[{"href":"https:\/\/www.europesays.com\/se\/wp-json\/wp\/v2\/types\/post"}],"author":[{"embeddable":true,"href":"https:\/\/www.europesays.com\/se\/wp-json\/wp\/v2\/users\/2"}],"replies":[{"embeddable":true,"href":"https:\/\/www.europesays.com\/se\/wp-json\/wp\/v2\/comments?post=106275"}],"version-history":[{"count":0,"href":"https:\/\/www.europesays.com\/se\/wp-json\/wp\/v2\/posts\/106275\/revisions"}],"wp:featuredmedia":[{"embeddable":true,"href":"https:\/\/www.europesays.com\/se\/wp-json\/wp\/v2\/media\/106276"}],"wp:attachment":[{"href":"https:\/\/www.europesays.com\/se\/wp-json\/wp\/v2\/media?parent=106275"}],"wp:term":[{"taxonomy":"category","embeddable":true,"href":"https:\/\/www.europesays.com\/se\/wp-json\/wp\/v2\/categories?post=106275"},{"taxonomy":"post_tag","embeddable":true,"href":"https:\/\/www.europesays.com\/se\/wp-json\/wp\/v2\/tags?post=106275"}],"curies":[{"name":"wp","href":"https:\/\/api.w.org\/{rel}","templated":true}]}}