{"id":106284,"date":"2025-12-15T06:30:14","date_gmt":"2025-12-15T06:30:14","guid":{"rendered":"https:\/\/www.europesays.com\/se\/106284\/"},"modified":"2025-12-15T06:30:14","modified_gmt":"2025-12-15T06:30:14","slug":"skolelever-i-bussolycka-i-colombia-minst-16-doda-2","status":"publish","type":"post","link":"https:\/\/www.europesays.com\/se\/106284\/","title":{"rendered":"Skolelever i bussolycka i Colombia \u2013 minst 16 d\u00f6da"},"content":{"rendered":"<p class=\"sc-c25743f0-0 sc-e37c0145-2 hObFds DQgPn\">Ungdomarna var p\u00e5 skolutflykt till staden Medell\u00edn n\u00e4r olyckan intr\u00e4ffade, uppger guvern\u00f6ren Andr\u00e9s Juli\u00e1n Rendon i departementet Antioquia i nordv\u00e4stra Colombia.<\/p>\n<p class=\"sc-c25743f0-0 sc-e37c0145-2 hObFds DQgPn\">\u201dHela sjukv\u00e5rdssystemet har aktiverats f\u00f6r att vara med och bist\u00e5 i det h\u00e4r n\u00f6dl\u00e4get\u201d, skriver han p\u00e5 X.<\/p>\n<p class=\"sc-c25743f0-0 sc-e37c0145-2 hObFds DQgPn\">Enligt nyhetssajten Infobae har 16 av de 45 personerna ombord omkommit. Ungdomarna, som \u00e4r i gymnasie\u00e5ldern, kom fr\u00e5n staden Bello n\u00e4r bussen av ok\u00e4nd anledning st\u00f6rtade 80 meter ner i en ravin.<\/p>\n<p class=\"sc-c25743f0-0 sc-e37c0145-2 hObFds DQgPn\">Bilder fr\u00e5n lokala medier visar vraket av bussen i ravinen samtidigt som r\u00e4ddningsarbetare b\u00e4r m\u00e4nniskor p\u00e5 b\u00e5rar.<\/p>\n<p class=\"sc-c25743f0-0 sc-e37c0145-2 hObFds DQgPn\">Trafikolyckor \u00e4r vanligt f\u00f6rekommande i Colombia. F\u00f6rra \u00e5ret omkom i snitt 22 m\u00e4nniskor om dagen i trafikolyckor, enligt landets trafiks\u00e4kerhetsmyndighet.<\/p>\n","protected":false},"excerpt":{"rendered":"Ungdomarna var p\u00e5 skolutflykt till staden Medell\u00edn n\u00e4r olyckan intr\u00e4ffade, uppger guvern\u00f6ren Andr\u00e9s Juli\u00e1n Rendon i departementet Antioquia&hellip;\n","protected":false},"author":2,"featured_media":77179,"comment_status":"","ping_status":"","sticky":false,"template":"","format":"standard","meta":{"footnotes":""},"categories":[14],"tags":[22,23,26,27,17,21,24,25,28,29,15,16,18,34,31,33,32,30,19,20,51,52,53,54],"class_list":{"0":"post-106284","1":"post","2":"type-post","3":"status-publish","4":"format-standard","5":"has-post-thumbnail","7":"category-varlden","8":"tag-breaking-news","9":"tag-breakingnews","10":"tag-featured-news","11":"tag-featurednews","12":"tag-headlines","13":"tag-huvudnyheter","14":"tag-latest-news","15":"tag-latestnews","16":"tag-main-news","17":"tag-mainnews","18":"tag-news","19":"tag-nyheter","20":"tag-rubriker","21":"tag-se","22":"tag-svenska","23":"tag-sverige","24":"tag-sweden","25":"tag-swedish","26":"tag-top-stories","27":"tag-topstories","28":"tag-varlden","29":"tag-world","30":"tag-world-news","31":"tag-worldnews"},"share_on_mastodon":{"url":"https:\/\/pubeurope.com\/@se\/115722179416383043","error":""},"_links":{"self":[{"href":"https:\/\/www.europesays.com\/se\/wp-json\/wp\/v2\/posts\/106284","targetHints":{"allow":["GET"]}}],"collection":[{"href":"https:\/\/www.europesays.com\/se\/wp-json\/wp\/v2\/posts"}],"about":[{"href":"https:\/\/www.europesays.com\/se\/wp-json\/wp\/v2\/types\/post"}],"author":[{"embeddable":true,"href":"https:\/\/www.europesays.com\/se\/wp-json\/wp\/v2\/users\/2"}],"replies":[{"embeddable":true,"href":"https:\/\/www.europesays.com\/se\/wp-json\/wp\/v2\/comments?post=106284"}],"version-history":[{"count":0,"href":"https:\/\/www.europesays.com\/se\/wp-json\/wp\/v2\/posts\/106284\/revisions"}],"wp:featuredmedia":[{"embeddable":true,"href":"https:\/\/www.europesays.com\/se\/wp-json\/wp\/v2\/media\/77179"}],"wp:attachment":[{"href":"https:\/\/www.europesays.com\/se\/wp-json\/wp\/v2\/media?parent=106284"}],"wp:term":[{"taxonomy":"category","embeddable":true,"href":"https:\/\/www.europesays.com\/se\/wp-json\/wp\/v2\/categories?post=106284"},{"taxonomy":"post_tag","embeddable":true,"href":"https:\/\/www.europesays.com\/se\/wp-json\/wp\/v2\/tags?post=106284"}],"curies":[{"name":"wp","href":"https:\/\/api.w.org\/{rel}","templated":true}]}}