{"id":106285,"date":"2025-12-15T06:31:09","date_gmt":"2025-12-15T06:31:09","guid":{"rendered":"https:\/\/www.europesays.com\/se\/106285\/"},"modified":"2025-12-15T06:31:09","modified_gmt":"2025-12-15T06:31:09","slug":"ny-rapport-maten-kostar-mindre-i-sverige-an-i-vara-grannlander","status":"publish","type":"post","link":"https:\/\/www.europesays.com\/se\/106285\/","title":{"rendered":"Ny rapport: Maten kostar mindre i Sverige \u00e4n i v\u00e5ra grannl\u00e4nder"},"content":{"rendered":"<p>\n          Pressmeddelande &#8211;<br \/>\n15 December 2025 07:00<\/p>\n<p>    Dela<\/p>\n<p>\n          L\u00e4nk kopierad!\n        <\/p>\n<p>          <a class=\"ghost-btn-with-icon svg-stroke\" rel=\"nofollow noopener\" aria-label=\"Ladda ned som PDF\" href=\"https:\/\/www.mynewsdesk.com\/se\/livsmedelsforetagen__li\/pressreleases\/ny-rapport-maten-kostar-mindre-i-sverige-aen-i-vaara-grannlaender-3418623.pdf\" target=\"_blank\"><\/p>\n<p>            Ladda ner<br \/>\n<\/a>      <\/p>\n<p><strong>Maten \u00e4r billigare i Sverige \u00e4n i v\u00e5ra grannl\u00e4nder, matpriserna i Sverige \u00f6kade klart mindre \u00e4n EU-snittet och relativt den allm\u00e4nna prisniv\u00e5n i ekonomin \u00e4r svenska livsmedel billiga. Det \u00e4r n\u00e5gra av slutsatserna i en ny rapport om livsmedelsprisernas utveckling 2022-2025 av nationalekonomen Lars Jagr\u00e9n.<\/strong><\/p>\n<p>Den 1 april 2026 s\u00e4nks matmomsen fr\u00e5n 12 till 6 procent och drygt fem m\u00e5nader senare \u00e4r det dags f\u00f6r riksdagsval. Matpriserna har varit hett debatterade de senaste \u00e5ren, och allt tyder p\u00e5 att de kommer bli en av de viktigaste fr\u00e5gorna i valr\u00f6relsen. Regeringen meddelade nyligen att matpriskommissionen ska p\u00e5b\u00f6rja sitt arbete och granska utvecklingen av livsmedelspriserna. F\u00f6r att b\u00e4ttra p\u00e5 kunskapsl\u00e4get och bidra till en mer faktabaserad diskussion har Livsmedelsf\u00f6retagens chefekonom Carl Eckerdal l\u00e5tit nationalekonomen Lars Jagr\u00e9n studera pris- och kostnadsniv\u00e5er f\u00f6r livsmedel i Sverige och resten av Europa under perioden 2022\u20132025. <\/p>\n<p>\u2013 Nu har matpriskommissionen p\u00e5b\u00f6rjat sitt arbete, och vi ser fram emot att ha en dialog med och delge v\u00e5ra synpunkter till de ansvariga myndigheterna Konsumentverket och Konjunkturinstitutet. Det \u00e4r av yttersta vikt att kommissionen utg\u00e5r fr\u00e5n kostnadsutvecklingen i hela livsmedelskedjan, fr\u00e5n jord till bord. Vi v\u00e4lkomnar matmomss\u00e4nkningen, men den kommer inte stoppa producenternas kostnader fr\u00e5n att \u00f6ka, s\u00e4ger Carl Eckerdal, chefekonom p\u00e5 Livsmedelsf\u00f6retagen. <\/p>\n<p>Resultaten fr\u00e5n Jagr\u00e9ns analys \u00e5terfinns i rapporten <a href=\"https:\/\/www.livsmedelsforetagen.se\/app\/uploads\/2025\/11\/livsmedelspriserna-i-sverige-utveckling-och-niva-2022-2025.pdf\" target=\"_blank\" rel=\"nofollow noopener\">&#8221;Livsmedelspriserna i Sverige &#8211; utveckling och niv\u00e5 2022\u20132025&#8221;<\/a>, som bland annat visar att:<\/p>\n<ol>\n<li>2022\u20132025 steg livsmedelspriserna i Sverige med      30,7 %, vilket var strax \u00f6ver EU-snittet (29,1 %). Den svenska kronans      f\u00f6rsvagning har p\u00e5verkat kostnads \u2013 och prisutvecklingen, med tanke p\u00e5 att      en stor del av livsmedel\/r\u00e5vara importeras. Om prisutvecklingen r\u00e4knas om      i euro har priserna i Sverige \u00f6kat med 24 %, vilket \u00e4r klart l\u00e4gre \u00e4n f\u00f6r      EU-snittet. <\/li>\n<li>Prisniv\u00e5n p\u00e5 livsmedel i Sverige \u00e4r 106,7, allts\u00e5      ca 7 % h\u00f6gre \u00e4n EU-snittet. Priserna \u00e4r h\u00f6gre \u00e4n i Tyskland och Estland,      men l\u00e4gre \u00e4n i Danmark, Finland och Norge. <\/li>\n<li>Relativt den allm\u00e4nna prisniv\u00e5n i den \u00f6vriga      ekonomin \u00e4r livsmedel relativt billiga i Sverige, medan de ligger p\u00e5 samma      niv\u00e5 inom EU. <\/li>\n<\/ol>\n<p>Den som lyssnat p\u00e5 de senaste \u00e5rens matprisdebatt kan l\u00e4tt f\u00e5 f\u00f6r sig att de svenska matpriserna har \u00f6kat mycket mer \u00e4n i v\u00e5ra grannl\u00e4nder och resten av Europa. Men Carl Eckerdal menar att alla som tar del av den officiella statistiken snabbt f\u00f6rst\u00e5r att s\u00e5 inte \u00e4r fallet.<\/p>\n<p>\u2013 Matprisutvecklingen i Sverige \u00e4r unik, men bara p\u00e5 s\u00e5 s\u00e4tt att matpriserna egentligen borde vara mycket h\u00f6gre \u00e4n de \u00e4r. Den svaga svenska kronan har inneburit att allt som m\u00e5ste importeras blir betydligt dyrare. De svenska livsmedelsproducenterna har trollat med kn\u00e4na och sett till att h\u00e5lla nere priserna men p\u00e5 bekostnad av sin egen l\u00f6nsamhet, s\u00e4ger Carl Eckerdal, chefekonom p\u00e5 Livsmedelsf\u00f6retagen.<\/p>\n<p>Svenska livsmedelsbranschens l\u00f6nsamhet i jumboklass i EU<\/p>\n<p>Den l\u00e5ga l\u00f6nsamheten i livsmedelsindustrin \u00e4r ett av de st\u00f6rsta hoten mot svensk livsmedelsproduktion och livsmedelsberedskap. I april 2025 publicerade Livsmedelsf\u00f6retagen en unik analys av <a href=\"https:\/\/www.livsmedelsforetagen.se\/nyheter\/svenska-livsmedelsbranschens-lonsamhet-i-jumboklass-i-eu\/\" target=\"_blank\" rel=\"nofollow noopener\">l\u00f6nsamheten i livsmedelsbranschen p\u00e5 EU-niv\u00e5<\/a>. Analysen visade att den svenska livsmedelsbranschen \u2013 b\u00e5de producentledet och dagligvaruhandeln \u2013 ligger i botten av EU:s l\u00f6nsamhetsliga. Livsmedelsf\u00f6retagens vd Bj\u00f6rn Hellman vill nu se en mer konstruktiv och faktabaserad debatt. <\/p>\n<p>\u2013 Vi g\u00e5r ett h\u00e4ndelserikt politiskt \u00e5r till m\u00f6tes d\u00e4r matpriserna kommer vara i centrum f\u00f6r valr\u00f6relsen. Vi hoppas att v\u00e5ra rapporter och analyser kan bidra till att vi f\u00e5r en debatt som handlar mindre om att peka finger och jaga syndabockar, och mer om hur vi kan skapa en l\u00f6nsam, konkurrenskraftig och robust livsmedelsindustri som kan skapa jobb och v\u00e4lf\u00e4rd i fredstid och f\u00f6da befolkningen i kristid, s\u00e4ger Bj\u00f6rn Hellman.<\/p>\n","protected":false},"excerpt":{"rendered":"Pressmeddelande &#8211; 15 December 2025 07:00 Dela L\u00e4nk kopierad! Ladda ner Maten \u00e4r billigare i Sverige \u00e4n i&hellip;\n","protected":false},"author":2,"featured_media":106286,"comment_status":"","ping_status":"","sticky":false,"template":"","format":"standard","meta":{"footnotes":""},"categories":[12],"tags":[11896,22,23,11892,26,27,17,21,24,25,490,491,11895,28,29,11894,11893,15,16,18,34,31,33,32,30,19,20],"class_list":{"0":"post-106285","1":"post","2":"type-post","3":"status-publish","4":"format-standard","5":"has-post-thumbnail","7":"category-sverige","8":"tag-bjorn-hellman","9":"tag-breaking-news","10":"tag-breakingnews","11":"tag-carl-eckerdal","12":"tag-featured-news","13":"tag-featurednews","14":"tag-headlines","15":"tag-huvudnyheter","16":"tag-latest-news","17":"tag-latestnews","18":"tag-livsmedelsforetagen","19":"tag-livsmedelsindustri","20":"tag-livsmedelspriser","21":"tag-main-news","22":"tag-mainnews","23":"tag-matprisdebatt","24":"tag-matprisutveckling","25":"tag-news","26":"tag-nyheter","27":"tag-rubriker","28":"tag-se","29":"tag-svenska","30":"tag-sverige","31":"tag-sweden","32":"tag-swedish","33":"tag-top-stories","34":"tag-topstories"},"share_on_mastodon":{"url":"https:\/\/pubeurope.com\/@se\/115722183267164591","error":""},"_links":{"self":[{"href":"https:\/\/www.europesays.com\/se\/wp-json\/wp\/v2\/posts\/106285","targetHints":{"allow":["GET"]}}],"collection":[{"href":"https:\/\/www.europesays.com\/se\/wp-json\/wp\/v2\/posts"}],"about":[{"href":"https:\/\/www.europesays.com\/se\/wp-json\/wp\/v2\/types\/post"}],"author":[{"embeddable":true,"href":"https:\/\/www.europesays.com\/se\/wp-json\/wp\/v2\/users\/2"}],"replies":[{"embeddable":true,"href":"https:\/\/www.europesays.com\/se\/wp-json\/wp\/v2\/comments?post=106285"}],"version-history":[{"count":0,"href":"https:\/\/www.europesays.com\/se\/wp-json\/wp\/v2\/posts\/106285\/revisions"}],"wp:featuredmedia":[{"embeddable":true,"href":"https:\/\/www.europesays.com\/se\/wp-json\/wp\/v2\/media\/106286"}],"wp:attachment":[{"href":"https:\/\/www.europesays.com\/se\/wp-json\/wp\/v2\/media?parent=106285"}],"wp:term":[{"taxonomy":"category","embeddable":true,"href":"https:\/\/www.europesays.com\/se\/wp-json\/wp\/v2\/categories?post=106285"},{"taxonomy":"post_tag","embeddable":true,"href":"https:\/\/www.europesays.com\/se\/wp-json\/wp\/v2\/tags?post=106285"}],"curies":[{"name":"wp","href":"https:\/\/api.w.org\/{rel}","templated":true}]}}