{"id":106294,"date":"2025-12-15T06:38:19","date_gmt":"2025-12-15T06:38:19","guid":{"rendered":"https:\/\/www.europesays.com\/se\/106294\/"},"modified":"2025-12-15T06:38:19","modified_gmt":"2025-12-15T06:38:19","slug":"misstankt-slapps-efter-skolskjutningen-i-brown","status":"publish","type":"post","link":"https:\/\/www.europesays.com\/se\/106294\/","title":{"rendered":"Misst\u00e4nkt sl\u00e4pps efter skolskjutningen i Brown"},"content":{"rendered":"<p class=\"boxtextgrotesk-root_baa6 hyperion-css-7pajle\">Uppdaterad 07.23 | Publicerad 05.24<\/p>\n<p>share-arrowDela<\/p>\n<p>unsaveSpara<\/p>\n<p>expand-left<\/p>\n<p>helsk\u00e4rm<img decoding=\"async\" class=\"image-asset hyperion-css-u06ts1\" data-test-tag=\"image-asset\" src=\"https:\/\/www.europesays.com\/se\/wp-content\/uploads\/2025\/12\/b7c057ce-dc5e-4806-9cbb-20ae64694682\"  alt=\"En polisbil parkerad vid avsp\u00e4rrningarna i n\u00e4rheten av brottsplatsen p\u00e5 s\u00f6ndagen.\"  loading=\"eager\" fetchpriority=\"high\" style=\"aspect-ratio:1900 \/ 1267\"\/>En polisbil parkerad vid avsp\u00e4rrningarna i n\u00e4rheten av brottsplatsen p\u00e5 s\u00f6ndagen. Foto: Steven Senne\/AP\/TT<\/p>\n<p class=\"hyperion-css-1shl3oz\" data-test-tag=\"lead-text\">Polisen ska sl\u00e4ppa den person \u201dav intresse\u201d som p\u00e5 s\u00f6ndagen greps efter skottlossningen p\u00e5 universitet Brown i USA. Tv\u00e5 personer d\u00f6dades och nio skadades i skjutningen.<\/p>\n<p class=\"hyperion-css-1v9qo5x\">Personen kommer att sl\u00e4ppas sedan utredningen f\u00f6rt polisen \u201di en annan riktning\u201d, uppger lokala myndigheter.<\/p>\n<p class=\"hyperion-css-1v9qo5x\">\u2013 Vi f\u00f6rst\u00e5r att det h\u00e4r kan skapa ny oro i v\u00e5rt samh\u00e4lle, s\u00e4ger borgm\u00e4staren Brett Smiley.<\/p>\n<p class=\"hyperion-css-1v9qo5x\">Skjutningen \u00e4gde rum vid prestigeuniversitetet p\u00e5 l\u00f6rdagen lokal tid. Samtliga d\u00f6dade och skadade \u00e4r studenter.<\/p>\n<p class=\"hyperion-css-1v9qo5x\">Omkring 11\u00a0000 studenter g\u00e5r p\u00e5 Brown, som ligger i delstaten Rhode Island och \u00e4r ett av <a data-test-tag=\"internal-link\" href=\"https:\/\/www.aftonbladet.se\/tagg\/usa\" class=\"hyperion-css-15jkft9\" rel=\"nofollow noopener\" target=\"\" aria-label=\"USA\">USA<\/a>:s s\u00e5 kallade Ivy League-universitet.<\/p>\n","protected":false},"excerpt":{"rendered":"Uppdaterad 07.23 | Publicerad 05.24 share-arrowDela unsaveSpara expand-left helsk\u00e4rmEn polisbil parkerad vid avsp\u00e4rrningarna i n\u00e4rheten av brottsplatsen p\u00e5&hellip;\n","protected":false},"author":2,"featured_media":106295,"comment_status":"","ping_status":"","sticky":false,"template":"","format":"standard","meta":{"footnotes":""},"categories":[14],"tags":[22,23,26,27,17,21,24,25,28,29,15,16,18,34,31,33,32,30,19,20,51,52,53,54],"class_list":{"0":"post-106294","1":"post","2":"type-post","3":"status-publish","4":"format-standard","5":"has-post-thumbnail","7":"category-varlden","8":"tag-breaking-news","9":"tag-breakingnews","10":"tag-featured-news","11":"tag-featurednews","12":"tag-headlines","13":"tag-huvudnyheter","14":"tag-latest-news","15":"tag-latestnews","16":"tag-main-news","17":"tag-mainnews","18":"tag-news","19":"tag-nyheter","20":"tag-rubriker","21":"tag-se","22":"tag-svenska","23":"tag-sverige","24":"tag-sweden","25":"tag-swedish","26":"tag-top-stories","27":"tag-topstories","28":"tag-varlden","29":"tag-world","30":"tag-world-news","31":"tag-worldnews"},"share_on_mastodon":{"url":"https:\/\/pubeurope.com\/@se\/115722211011896989","error":""},"_links":{"self":[{"href":"https:\/\/www.europesays.com\/se\/wp-json\/wp\/v2\/posts\/106294","targetHints":{"allow":["GET"]}}],"collection":[{"href":"https:\/\/www.europesays.com\/se\/wp-json\/wp\/v2\/posts"}],"about":[{"href":"https:\/\/www.europesays.com\/se\/wp-json\/wp\/v2\/types\/post"}],"author":[{"embeddable":true,"href":"https:\/\/www.europesays.com\/se\/wp-json\/wp\/v2\/users\/2"}],"replies":[{"embeddable":true,"href":"https:\/\/www.europesays.com\/se\/wp-json\/wp\/v2\/comments?post=106294"}],"version-history":[{"count":0,"href":"https:\/\/www.europesays.com\/se\/wp-json\/wp\/v2\/posts\/106294\/revisions"}],"wp:featuredmedia":[{"embeddable":true,"href":"https:\/\/www.europesays.com\/se\/wp-json\/wp\/v2\/media\/106295"}],"wp:attachment":[{"href":"https:\/\/www.europesays.com\/se\/wp-json\/wp\/v2\/media?parent=106294"}],"wp:term":[{"taxonomy":"category","embeddable":true,"href":"https:\/\/www.europesays.com\/se\/wp-json\/wp\/v2\/categories?post=106294"},{"taxonomy":"post_tag","embeddable":true,"href":"https:\/\/www.europesays.com\/se\/wp-json\/wp\/v2\/tags?post=106294"}],"curies":[{"name":"wp","href":"https:\/\/api.w.org\/{rel}","templated":true}]}}