{"id":106309,"date":"2025-12-15T06:57:08","date_gmt":"2025-12-15T06:57:08","guid":{"rendered":"https:\/\/www.europesays.com\/se\/106309\/"},"modified":"2025-12-15T06:57:08","modified_gmt":"2025-12-15T06:57:08","slug":"har-slar-polisen-till-mot-bedragarligan","status":"publish","type":"post","link":"https:\/\/www.europesays.com\/se\/106309\/","title":{"rendered":"H\u00e4r sl\u00e5r polisen till mot bedragarligan"},"content":{"rendered":"<p>Samordnade av Europol har polis i Belgien, Tyskland, Bulgarien, Spanien, Cypern, Frankrike, Malta och Israel slagit till mot bedragare som arbetat i \u201dindustriell skala\u201d. <\/p>\n<p>Tillslagen har skett under oktober och november \u2013 efter en utredning som p\u00e5g\u00e5tt i tv\u00e5 \u00e5r. Enligt tysk polis slog de och kollegor i Israel till mot 14 fastigheter i b\u00e5de Tyskland och Israel.<\/p>\n<p>Bedragarnas uppl\u00e4gg liknar det som <a href=\"https:\/\/www.svt.se\/nyheter\/granskning\/ug\/bedragaren-fjarrstyr-annikas-dator-tar-lan-med-skyhog-ranta\" rel=\"nofollow noopener\" target=\"_blank\">Uppdrag granskning avsl\u00f6jade<\/a> i ett samarbete med det internationella gr\u00e4vn\u00e4tverket OCCRP i v\u00e5ras.<\/p>\n<p>Marknadsf\u00f6ring centralt<\/p>\n<p>D\u00e5 avsl\u00f6jades hur tv\u00e5 bedragarsyndikat \u2013 det ena i Georgien, det andra med bas i bland annat Cypern \u2013 lurade personer \u00f6ver hela v\u00e4rlden att investera i aktier eller kryptovalutor via bluff\u00f6retag.<\/p>\n<p>Granskningen visade ocks\u00e5 hur bedragarna organiserar sig som f\u00f6retag.<\/p>\n<p>Nu har Europol slagit till mot ett n\u00e4tverk som ska ha tv\u00e4ttat \u00f6ver sju miljarder kronor bland annat via krypto\u00f6verf\u00f6ringar.<\/p>\n<p>Lockar in offer<\/p>\n<p>Extra fokus har legat p\u00e5 marknadsf\u00f6ringsf\u00f6retagen kopplade till bedr\u00e4gerierna, som Europol menar \u00e4r \u201den grundpelare i bedragarnas ekosystem\u201d.<\/p>\n<p>De \u00e4r en f\u00f6ruts\u00e4ttning f\u00f6r bedr\u00e4gerierna eftersom de lockar offren till bluff-f\u00f6retag och plattformar d\u00e4r de luras att investera i p\u00e5hittade finansuppl\u00e4gg.<\/p>\n<p>Marknadsf\u00f6ringsf\u00f6retagen \u00e4r en slags underleverant\u00f6rer. Det finns gr\u00e5zoner d\u00e4r en del jobbar b\u00e5de f\u00f6r bedragare och med vanlig marknadsf\u00f6ring. Men det finns ocks\u00e5 de som \u00e4r helt dedikerade \u00e5t bedr\u00e4gerier och f\u00e5r ers\u00e4ttning efter hur m\u00e5nga offer de lyckas \u201dleverera\u201d genom bland annat bluff-annonser. <\/p>\n<p>Nyligen polisanm\u00e4ldes Metas vd Mark Zuckerberg av svenska organisationen Utgivarna f\u00f6r att sl\u00e4ppa fram s\u00e5dana annonser p\u00e5 Facebook och Instagram. <\/p>\n<p>Efter avsl\u00f6jandet<\/p>\n<p>I den f\u00f6rsta delen av operationen i oktober greps nio personer. Drygt 15 miljoner kronor togs i beslag. Polisen tog ocks\u00e5 datorer och lyxklockor f\u00f6r miljonbelopp. I de senaste tillslagen greps ytterligare tv\u00e5 personer. <\/p>\n<p>I ytterligare en aktion greps en tysk man fr\u00e5n det georgiska bedragarn\u00e4tverk som <a href=\"https:\/\/www.svt.se\/nyheter\/granskning\/ug\/obs-embargo-630-sa-bygger-bedragarna-ett-imperium-register-med-svenska-offer-lackt\" rel=\"nofollow noopener\" target=\"_blank\">Uppdrag granskning avsl\u00f6jade i v\u00e5ras<\/a>.<\/p>\n<p>\u2013 Efter v\u00e5rens publicering intensifierades polisens utredningsarbete och det har lett fram till att en tysk medborgare kunnat gripas i Georgien, s\u00e4ger \u00f6ver\u00e5klagare Nino Goldbeck vid cyberbrottsenheten i Bayern <a href=\"https:\/\/www.zdfheute.de\/panorama\/kriminalitaet\/callcenter-georgien-betrug-festnahme-100.html\" rel=\"nofollow noopener\" target=\"_blank\">till tyska ZDF.<\/a><\/p>\n","protected":false},"excerpt":{"rendered":"Samordnade av Europol har polis i Belgien, Tyskland, Bulgarien, Spanien, Cypern, Frankrike, Malta och Israel slagit till mot&hellip;\n","protected":false},"author":2,"featured_media":106310,"comment_status":"","ping_status":"","sticky":false,"template":"","format":"standard","meta":{"footnotes":""},"categories":[14],"tags":[22,23,26,27,17,21,24,25,28,29,15,16,18,34,31,33,32,30,19,20,51,52,53,54],"class_list":{"0":"post-106309","1":"post","2":"type-post","3":"status-publish","4":"format-standard","5":"has-post-thumbnail","7":"category-varlden","8":"tag-breaking-news","9":"tag-breakingnews","10":"tag-featured-news","11":"tag-featurednews","12":"tag-headlines","13":"tag-huvudnyheter","14":"tag-latest-news","15":"tag-latestnews","16":"tag-main-news","17":"tag-mainnews","18":"tag-news","19":"tag-nyheter","20":"tag-rubriker","21":"tag-se","22":"tag-svenska","23":"tag-sverige","24":"tag-sweden","25":"tag-swedish","26":"tag-top-stories","27":"tag-topstories","28":"tag-varlden","29":"tag-world","30":"tag-world-news","31":"tag-worldnews"},"share_on_mastodon":{"url":"https:\/\/pubeurope.com\/@se\/115722285455294443","error":""},"_links":{"self":[{"href":"https:\/\/www.europesays.com\/se\/wp-json\/wp\/v2\/posts\/106309","targetHints":{"allow":["GET"]}}],"collection":[{"href":"https:\/\/www.europesays.com\/se\/wp-json\/wp\/v2\/posts"}],"about":[{"href":"https:\/\/www.europesays.com\/se\/wp-json\/wp\/v2\/types\/post"}],"author":[{"embeddable":true,"href":"https:\/\/www.europesays.com\/se\/wp-json\/wp\/v2\/users\/2"}],"replies":[{"embeddable":true,"href":"https:\/\/www.europesays.com\/se\/wp-json\/wp\/v2\/comments?post=106309"}],"version-history":[{"count":0,"href":"https:\/\/www.europesays.com\/se\/wp-json\/wp\/v2\/posts\/106309\/revisions"}],"wp:featuredmedia":[{"embeddable":true,"href":"https:\/\/www.europesays.com\/se\/wp-json\/wp\/v2\/media\/106310"}],"wp:attachment":[{"href":"https:\/\/www.europesays.com\/se\/wp-json\/wp\/v2\/media?parent=106309"}],"wp:term":[{"taxonomy":"category","embeddable":true,"href":"https:\/\/www.europesays.com\/se\/wp-json\/wp\/v2\/categories?post=106309"},{"taxonomy":"post_tag","embeddable":true,"href":"https:\/\/www.europesays.com\/se\/wp-json\/wp\/v2\/tags?post=106309"}],"curies":[{"name":"wp","href":"https:\/\/api.w.org\/{rel}","templated":true}]}}