{"id":10631,"date":"2025-08-21T21:05:07","date_gmt":"2025-08-21T21:05:07","guid":{"rendered":"https:\/\/www.europesays.com\/se\/10631\/"},"modified":"2025-08-21T21:05:07","modified_gmt":"2025-08-21T21:05:07","slug":"tjejgang-harjar-i-boras-trakasserar-andra-tjejer","status":"publish","type":"post","link":"https:\/\/www.europesays.com\/se\/10631\/","title":{"rendered":"Tjejg\u00e4ng h\u00e4rjar i Bor\u00e5s \u2013 trakasserar andra tjejer"},"content":{"rendered":"<p>Publicerad 21 aug 2025 kl 22.04Uppdaterad kl 22.39<\/p>\n<p>Ett tjejg\u00e4ng h\u00e4rjar i Bor\u00e5s.\u00a0<\/p>\n<p>Under flera dagar har de provocerat och trakasserat andra unga tjejer.<\/p>\n<p>\u2013 De tvingar flickor att utf\u00f6ra akter av f\u00f6rnedrande inslag och filmar det. Det \u00e4r helt oacceptabelt, s\u00e4ger Ilija Rajkovic, gruppchef p\u00e5 polisen, till <a href=\"https:\/\/www.bt.se\/boras\/tjejgang-harjar-i-boras-polisen-soker-uppgifter-vidrigt-beteende\/\" rel=\"nofollow noopener\" target=\"_blank\">BT<\/a>.\u00a0<\/p>\n<p><img   alt=\"\"\/> <\/p>\n<p>Foto: stilrentfoto \/ Shutterstock<\/p>\n<p>\u00d6ppna bild i helsk\u00e4rm<\/p>\n<p>Det hela b\u00f6rjade i m\u00e5ndags och har under veckan skett p\u00e5 flera platser i Bor\u00e5s, bland annat resecentrum. Polisen har larmats om ett tjejg\u00e4ng som ger sig p\u00e5 andra yngre tjejer, rapporterar <a href=\"https:\/\/www.bt.se\/boras\/tjejgang-harjar-i-boras-polisen-soker-uppgifter-vidrigt-beteende\/\" rel=\"nofollow noopener\" target=\"_blank\">BT<\/a>.\u00a0<\/p>\n<p>\u2013 Det \u00e4r en oroande trend, nu har det h\u00e4nt tre dagar i rad den h\u00e4r veckan, s\u00e4ger Ilija Rajkovic, gruppchef f\u00f6r ungdomsbrott vid Bor\u00e5spolisen, till tidningen.\u00a0<\/p>\n<p>Polisen: \u201dVidrigt beteende\u201d\u00a0<\/p>\n<p>Hittills har fem polisanm\u00e4lningar gjorts och h\u00e4ndelserna utreds som misshandel och ofredande.\u00a0<\/p>\n<p>Det misst\u00e4nkta g\u00e4nget tros komma fr\u00e5n en annan ort och best\u00e5r av minst fyra personer. Tv\u00e5 av dem har identifierats av polisen.\u00a0<\/p>\n<p>Offren \u00e4r unga, mellan 12 och 18 \u00e5r.\u00a0<\/p>\n<p>\u2013 Tjejg\u00e4nget provocerar andra unga tjejer f\u00f6r att f\u00e5 en reaktion. Sedan tvingar de flickor att utf\u00f6ra akter av f\u00f6rnedrande inslag, vilket filmas och l\u00e4ggs ut p\u00e5 sociala medier, s\u00e4ger Ilija Rajkovic och forts\u00e4tter:<\/p>\n<p>\u2013 Jag blir f\u00f6rbannad p\u00e5 det h\u00e4r, det \u00e4r helt oacceptabelt. Vi jobbar aktivt f\u00f6r att f\u00e5 stopp p\u00e5 det, det \u00e4r ett vidrigt beteende.<\/p>\n<p>Polisen vill nu veta om fler \u00e4r drabbade och s\u00f6ker efter filmklipp och andra uppgifter kopplade till g\u00e4nget.\u00a0<\/p>\n<p>H\u00e4nde igen inatt\u00a0<\/p>\n<p>I natt skedde \u00e5terigen ett liknande fall.\u00a0<\/p>\n<p>Sex till sju unga flickor i 15-\u00e5rs\u00e5ldern slog och r\u00e5nade en flicka i 14-\u00e5rs\u00e5ldern p\u00e5 en h\u00f6gtalare, enligt uppgifter till polisen. Efter attacken gav de sig i v\u00e4g \u00e5t olika h\u00e5ll. Det finns inga uppgifter om fysiska skador.<\/p>\n<p>H\u00e4ndelsen utreds som misshandel och r\u00e5n.<\/p>\n","protected":false},"excerpt":{"rendered":"Publicerad 21 aug 2025 kl 22.04Uppdaterad kl 22.39 Ett tjejg\u00e4ng h\u00e4rjar i Bor\u00e5s.\u00a0 Under flera dagar har de&hellip;\n","protected":false},"author":2,"featured_media":10632,"comment_status":"","ping_status":"","sticky":false,"template":"","format":"standard","meta":{"footnotes":""},"categories":[12],"tags":[22,23,26,27,17,21,24,25,1498,28,29,15,16,18,34,154,31,33,32,30,19,1499,582,20],"class_list":{"0":"post-10631","1":"post","2":"type-post","3":"status-publish","4":"format-standard","5":"has-post-thumbnail","7":"category-sverige","8":"tag-breaking-news","9":"tag-breakingnews","10":"tag-featured-news","11":"tag-featurednews","12":"tag-headlines","13":"tag-huvudnyheter","14":"tag-latest-news","15":"tag-latestnews","16":"tag-location-boras","17":"tag-main-news","18":"tag-mainnews","19":"tag-news","20":"tag-nyheter","21":"tag-rubriker","22":"tag-se","23":"tag-sections-sverige","24":"tag-svenska","25":"tag-sverige","26":"tag-sweden","27":"tag-swedish","28":"tag-top-stories","29":"tag-topic-ran-stold","30":"tag-topic-trakasserier","31":"tag-topstories"},"share_on_mastodon":{"url":"","error":""},"_links":{"self":[{"href":"https:\/\/www.europesays.com\/se\/wp-json\/wp\/v2\/posts\/10631","targetHints":{"allow":["GET"]}}],"collection":[{"href":"https:\/\/www.europesays.com\/se\/wp-json\/wp\/v2\/posts"}],"about":[{"href":"https:\/\/www.europesays.com\/se\/wp-json\/wp\/v2\/types\/post"}],"author":[{"embeddable":true,"href":"https:\/\/www.europesays.com\/se\/wp-json\/wp\/v2\/users\/2"}],"replies":[{"embeddable":true,"href":"https:\/\/www.europesays.com\/se\/wp-json\/wp\/v2\/comments?post=10631"}],"version-history":[{"count":0,"href":"https:\/\/www.europesays.com\/se\/wp-json\/wp\/v2\/posts\/10631\/revisions"}],"wp:featuredmedia":[{"embeddable":true,"href":"https:\/\/www.europesays.com\/se\/wp-json\/wp\/v2\/media\/10632"}],"wp:attachment":[{"href":"https:\/\/www.europesays.com\/se\/wp-json\/wp\/v2\/media?parent=10631"}],"wp:term":[{"taxonomy":"category","embeddable":true,"href":"https:\/\/www.europesays.com\/se\/wp-json\/wp\/v2\/categories?post=10631"},{"taxonomy":"post_tag","embeddable":true,"href":"https:\/\/www.europesays.com\/se\/wp-json\/wp\/v2\/tags?post=10631"}],"curies":[{"name":"wp","href":"https:\/\/api.w.org\/{rel}","templated":true}]}}