{"id":106317,"date":"2025-12-15T07:04:17","date_gmt":"2025-12-15T07:04:17","guid":{"rendered":"https:\/\/www.europesays.com\/se\/106317\/"},"modified":"2025-12-15T07:04:17","modified_gmt":"2025-12-15T07:04:17","slug":"ap-topparna-far-miljonfallskarm","status":"publish","type":"post","link":"https:\/\/www.europesays.com\/se\/106317\/","title":{"rendered":"AP-topparna f\u00e5r miljonfallsk\u00e4rm"},"content":{"rendered":"<p>Cheferna f\u00f6r de AP-fonder som avvecklas vid \u00e5rsskiftet kommer att f\u00e5 fallsk\u00e4rmar v\u00e4rda flera miljoner kronor, rapporterar Altinget. <\/p>\n<p>F\u00f6rsta AP-fondens vd Kristin Magnusson Bernard har en m\u00e5nadsl\u00f6n p\u00e5 339\u202f000 kronor och har r\u00e4tt till l\u00f6n i ett och ett halvt \u00e5r efter avvecklingen. Det inneb\u00e4r en fallsk\u00e4rm p\u00e5 7,2 miljoner. <\/p>\n<p>\u2013 Skulle hon hitta ett nytt arbete s\u00e5 r\u00e4knas den inkomsten av, s\u00e4ger f\u00f6rsta AP-fondens styrelseordf\u00f6rande Eva Lindstr\u00f6m. <\/p>\n<p>Hon tror att Magnusson Bernard kommer ha l\u00e4tt att hitta ett nytt jobb. Sj\u00e4tte AP-fondens vd Katarina Staaf f\u00e5r en fallsk\u00e4rm p\u00e5 cirka 4 miljoner kronor.<\/p>\n<p>Omni \u00e4r politiskt obundna och oberoende. Vi str\u00e4var efter att ge fler perspektiv p\u00e5 nyheterna. Har du fr\u00e5gor eller synpunkter kring v\u00e5r rapportering? <a href=\"https:\/\/omni.se\/ap-topparna-far-miljonfallskarm\/a\/mailto:redaktion@omni.se\" class=\"ArticleActions_contactLink__W2F1M\" rel=\"nofollow noopener\" target=\"_blank\">Kontakta redaktionen<\/a><\/p>\n","protected":false},"excerpt":{"rendered":"Cheferna f\u00f6r de AP-fonder som avvecklas vid \u00e5rsskiftet kommer att f\u00e5 fallsk\u00e4rmar v\u00e4rda flera miljoner kronor, rapporterar Altinget.&hellip;\n","protected":false},"author":2,"featured_media":106318,"comment_status":"","ping_status":"","sticky":false,"template":"","format":"standard","meta":{"footnotes":""},"categories":[65],"tags":[1695,72,70,71,11898,5040,11899,34,31,33,32,30],"class_list":{"0":"post-106317","1":"post","2":"type-post","3":"status-publish","4":"format-standard","5":"has-post-thumbnail","7":"category-ekonomi","8":"tag-ap-fonderna","9":"tag-business","10":"tag-economy","11":"tag-ekonomi","12":"tag-eva-lindstrom","13":"tag-fonder","14":"tag-kristin-magnusson-bernard","15":"tag-se","16":"tag-svenska","17":"tag-sverige","18":"tag-sweden","19":"tag-swedish"},"share_on_mastodon":{"url":"https:\/\/pubeurope.com\/@se\/115722312935508321","error":""},"_links":{"self":[{"href":"https:\/\/www.europesays.com\/se\/wp-json\/wp\/v2\/posts\/106317","targetHints":{"allow":["GET"]}}],"collection":[{"href":"https:\/\/www.europesays.com\/se\/wp-json\/wp\/v2\/posts"}],"about":[{"href":"https:\/\/www.europesays.com\/se\/wp-json\/wp\/v2\/types\/post"}],"author":[{"embeddable":true,"href":"https:\/\/www.europesays.com\/se\/wp-json\/wp\/v2\/users\/2"}],"replies":[{"embeddable":true,"href":"https:\/\/www.europesays.com\/se\/wp-json\/wp\/v2\/comments?post=106317"}],"version-history":[{"count":0,"href":"https:\/\/www.europesays.com\/se\/wp-json\/wp\/v2\/posts\/106317\/revisions"}],"wp:featuredmedia":[{"embeddable":true,"href":"https:\/\/www.europesays.com\/se\/wp-json\/wp\/v2\/media\/106318"}],"wp:attachment":[{"href":"https:\/\/www.europesays.com\/se\/wp-json\/wp\/v2\/media?parent=106317"}],"wp:term":[{"taxonomy":"category","embeddable":true,"href":"https:\/\/www.europesays.com\/se\/wp-json\/wp\/v2\/categories?post=106317"},{"taxonomy":"post_tag","embeddable":true,"href":"https:\/\/www.europesays.com\/se\/wp-json\/wp\/v2\/tags?post=106317"}],"curies":[{"name":"wp","href":"https:\/\/api.w.org\/{rel}","templated":true}]}}