{"id":106347,"date":"2025-12-15T07:39:11","date_gmt":"2025-12-15T07:39:11","guid":{"rendered":"https:\/\/www.europesays.com\/se\/106347\/"},"modified":"2025-12-15T07:39:11","modified_gmt":"2025-12-15T07:39:11","slug":"regeringen-ger-stod-till-internationella-samarbeten-inom-karnkraft","status":"publish","type":"post","link":"https:\/\/www.europesays.com\/se\/106347\/","title":{"rendered":"Regeringen ger st\u00f6d till internationella samarbeten inom k\u00e4rnkraft"},"content":{"rendered":"<p>&#13;<br \/>\nRegeringen har beslutat att ge 1,4 miljoner kronor i st\u00f6d till Nuclear Energy Agency (NEA) och International Energy Agency (IEA). H\u00e4lften av medlen g\u00e5r till NEA:s initiativ f\u00f6r att accelerera sm\u00e5 modul\u00e4ra reaktorer. Den andra h\u00e4lften g\u00e5r till IEA f\u00f6r att inom ramen f\u00f6r rapporten World Energy Outlook analysera k\u00e4rnkraftens roll i det globala energisystemet. <\/p>\n<p>\u2013 Det finns ett globalt momentum f\u00f6r k\u00e4rnkraft, s\u00e4rskilt f\u00f6r sm\u00e5 modul\u00e4ra reaktorer (SMR). Internationella samarbeten st\u00e4rker Sveriges position i energiomst\u00e4llningen och bidrar aktivt till utvecklingen av framtidens k\u00e4rnkraftsteknik, s\u00e4ger energi- och n\u00e4ringsminister Ebba Busch.<\/p>\n<p>\u2013 K\u00e4rnkraftens roll ska f\u00f6rst\u00e5s i ljuset av de utmaningar som Sverige st\u00e5r inf\u00f6r. F\u00f6r hush\u00e5llen skulle det inneb\u00e4ra stabilare elpriser och mer f\u00f6ruts\u00e4gbarhet. F\u00f6r f\u00f6retagen b\u00e4ttre f\u00f6ruts\u00e4ttningar att v\u00e4xa och skapa nya jobb. Och f\u00f6r Sverige ett motst\u00e5ndskraftigare elsystem, s\u00e4ger finansmarknadsminister Niklas Wykman.<\/p>\n<p>\u2013 Tillg\u00e5ngen till ren och p\u00e5litlig el \u00e4r avg\u00f6rande f\u00f6r b\u00e5de klimatomst\u00e4llningen och v\u00e5r l\u00e5ngsiktiga energis\u00e4kerhet. N\u00e4r intresset f\u00f6r k\u00e4rnkraft nu \u00e4r det h\u00f6gsta sedan 1970-talets oljekriser kan Sverige aktivt bidra till st\u00e4rkt innovation och kunskapsutbyte \u00e4ven internationellt. Med en starkare global samverkan kring k\u00e4rnkraft och sm\u00e5 modul\u00e4ra reaktorer kan vi accelerera teknikutvecklingen och m\u00f6jligg\u00f6ra en fossilfri energif\u00f6rs\u00f6rjning v\u00e4rlden \u00f6ver, s\u00e4ger klimat- och milj\u00f6minister Romina Pourmokhtari.<\/p>\n<p>Sveriges regering har genomf\u00f6rt en rad reformer f\u00f6r att m\u00f6jligg\u00f6ra ny k\u00e4rnkraft. En viktig del i det arbetet handlar om internationella samarbeten och samverkan.<\/p>\n<p>Den 8\u201310 december anordnade Sverige tillsammans med NEA en konferens om sm\u00e5 modul\u00e4ra reaktorer i Stockholm p\u00e5 initiativ av energi- och n\u00e4ringsminister Ebba Busch. Konferensen samlade \u00f6ver 200 personer fr\u00e5n mer \u00e4n 30 l\u00e4nder och fokuserade p\u00e5 utmaningar och potentiella l\u00f6sningar kopplade till utvecklingen av sm\u00e5skaliga modul\u00e4ra reaktorer. Bland deltagarna fanns bland annat juridiska och tekniska experter fr\u00e5n b\u00e5de offentlig och privat sektor.\u00a0<\/p>\n","protected":false},"excerpt":{"rendered":"&#13; Regeringen har beslutat att ge 1,4 miljoner kronor i st\u00f6d till Nuclear Energy Agency (NEA) och International&hellip;\n","protected":false},"author":2,"featured_media":67452,"comment_status":"","ping_status":"","sticky":false,"template":"","format":"standard","meta":{"footnotes":""},"categories":[5],"tags":[22,23,26,27,17,21,24,25,28,29,15,16,18,34,31,33,32,30,19,20],"class_list":{"0":"post-106347","1":"post","2":"type-post","3":"status-publish","4":"format-standard","5":"has-post-thumbnail","7":"category-rubriker","8":"tag-breaking-news","9":"tag-breakingnews","10":"tag-featured-news","11":"tag-featurednews","12":"tag-headlines","13":"tag-huvudnyheter","14":"tag-latest-news","15":"tag-latestnews","16":"tag-main-news","17":"tag-mainnews","18":"tag-news","19":"tag-nyheter","20":"tag-rubriker","21":"tag-se","22":"tag-svenska","23":"tag-sverige","24":"tag-sweden","25":"tag-swedish","26":"tag-top-stories","27":"tag-topstories"},"share_on_mastodon":{"url":"https:\/\/pubeurope.com\/@se\/115722450569506777","error":""},"_links":{"self":[{"href":"https:\/\/www.europesays.com\/se\/wp-json\/wp\/v2\/posts\/106347","targetHints":{"allow":["GET"]}}],"collection":[{"href":"https:\/\/www.europesays.com\/se\/wp-json\/wp\/v2\/posts"}],"about":[{"href":"https:\/\/www.europesays.com\/se\/wp-json\/wp\/v2\/types\/post"}],"author":[{"embeddable":true,"href":"https:\/\/www.europesays.com\/se\/wp-json\/wp\/v2\/users\/2"}],"replies":[{"embeddable":true,"href":"https:\/\/www.europesays.com\/se\/wp-json\/wp\/v2\/comments?post=106347"}],"version-history":[{"count":0,"href":"https:\/\/www.europesays.com\/se\/wp-json\/wp\/v2\/posts\/106347\/revisions"}],"wp:featuredmedia":[{"embeddable":true,"href":"https:\/\/www.europesays.com\/se\/wp-json\/wp\/v2\/media\/67452"}],"wp:attachment":[{"href":"https:\/\/www.europesays.com\/se\/wp-json\/wp\/v2\/media?parent=106347"}],"wp:term":[{"taxonomy":"category","embeddable":true,"href":"https:\/\/www.europesays.com\/se\/wp-json\/wp\/v2\/categories?post=106347"},{"taxonomy":"post_tag","embeddable":true,"href":"https:\/\/www.europesays.com\/se\/wp-json\/wp\/v2\/tags?post=106347"}],"curies":[{"name":"wp","href":"https:\/\/api.w.org\/{rel}","templated":true}]}}