{"id":106352,"date":"2025-12-15T07:46:21","date_gmt":"2025-12-15T07:46:21","guid":{"rendered":"https:\/\/www.europesays.com\/se\/106352\/"},"modified":"2025-12-15T07:46:21","modified_gmt":"2025-12-15T07:46:21","slug":"lampor-slacktes-for-fladdermossens-skull","status":"publish","type":"post","link":"https:\/\/www.europesays.com\/se\/106352\/","title":{"rendered":"Lampor sl\u00e4cktes \u2013 f\u00f6r fladderm\u00f6ssens skull"},"content":{"rendered":"<p class=\"text\">H\u00f6sten 2023 sedan sattes lampor upp p\u00e5 tr\u00e4bron \u00f6ver den v\u00e4stra delen av Trekanten. Trevligt och tryggt f\u00f6r alla som vill g\u00e5 \u00f6ver bron n\u00e4r m\u00f6rkret fallit.<\/p>\n<p class=\"text\">Men att s\u00e4tta upp lamporna var ett f\u00f6rhastat beslut. Sommaren 2023 gjordes n\u00e4mligen en fladdermusinventering i H\u00e4gersten-\u00c4lvsj\u00f6 och naturen vid Trekanten var en av platserna som unders\u00f6ktes. I januari 2024 kom resultatet. <\/p>\n<p class=\"text\">\u2013 Inventeringen visade att det finns en rik fladdemusfauna kring Trekanten, med flera olika arter. Bland annat \u00e4r det arter som gynnas av m\u00f6rka vatten att jaga \u00f6ver. I inventeringen uttrycktes att man inte b\u00f6r belysa vattenytan, s\u00e4ger Karin L\u00f6nnberg, parkingenj\u00f6r vid H\u00e4gersten-\u00c4lvsj\u00f6 stadsdelsf\u00f6rvaltning.<\/p>\n<p><img decoding=\"async\" class=\"Image Image_\" src=\"\" data-aghref=\"http:\/\/www.mitti.se\/image-3.350717.266748.20251215053315.152dc1835f\" data-agimagetype=\"hardcrop\" alt=\"Det finns gott om fladderm\u00f6ss vid s\u00f6dra Trekanten, som st\u00f6rdes av belysningen p\u00e5 bron.\"\/><\/p>\n<p class=\"Caption\">Det finns gott om fladderm\u00f6ss vid s\u00f6dra Trekanten, som st\u00f6rdes av belysningen p\u00e5 bron.<\/p>\n<p class=\"Source\">M\u00e4rta Lefvert<\/p>\n<p>En hotad art<\/p>\n<p class=\"text\">Under de tv\u00e5 \u00e5r som lamporna var uppe beh\u00f6vde de repareras flera g\u00e5nger. Nu har man valt att sl\u00e4cka dem f\u00f6r gott, p\u00e5 grund av fladderm\u00f6ssen, som \u00e4r en hotad art och kan d\u00f6 av sv\u00e4lt n\u00e4r de inte v\u00e5gar jaga p\u00e5 grund av upplysta milj\u00f6er.<\/p>\n<p class=\"text\">\u00c5tta olika arter hittades vid sj\u00f6n, bland annat ett stort antal vattenfladderm\u00f6ss. De s\u00f6ker g\u00e4rna f\u00f6da \u00f6ver sj\u00f6ar omgivna tr\u00e4d och buskar. Men d\u00e5 b\u00f6r det allts\u00e5 vara m\u00f6rkt. &#8221;Belysning \u00e4r alltid viktig att begr\u00e4nsa med h\u00e4nsyn till fladderm\u00f6ss. S\u00e4rskilt viktigt f\u00f6r\u00a0Trekanten \u00e4r att sj\u00f6ns yta inte blir belyst&#8221;, st\u00e5r det i utredningen.<\/p>\n<p>Kritik fr\u00e5n inv\u00e5nare<\/p>\n<p class=\"text\">Kritik har kommit in mot nedsl\u00e4ckningen. Omr\u00e5det \u00e4r popul\u00e4rt att promenera i och nu blir det m\u00f6rkare och otryggare att g\u00e5 d\u00e4r, \u00e4r inv\u00e4ndningen. <\/p>\n<p class=\"text\">Stadsdelsf\u00f6rvaltningen p\u00e5pekar att det finns upplysta promenadstr\u00e5k runt hela sj\u00f6n. L\u00e4ngs den s\u00f6dra delen saknar visserligen g\u00e5ngv\u00e4gen n\u00e4rmast sj\u00f6n belysning, men det finns en belyst g\u00e5ngv\u00e4g en bit h\u00f6gre upp i skogen d\u00e4r man kan g\u00e5 i st\u00e4llet.<\/p>\n<p><img decoding=\"async\" class=\"Image Image_\" src=\"\" data-aghref=\"http:\/\/www.mitti.se\/image-3.350718.266748.20251215053315.14c959a3cb\" data-agimagetype=\"hardcrop\" alt=\"Stadsdelsf\u00f6rvaltningen informerar om beslutet p\u00e5 skyltar vid bron.\"\/><\/p>\n<p class=\"Caption\">Stadsdelsf\u00f6rvaltningen informerar om beslutet p\u00e5 skyltar vid bron.<\/p>\n<p class=\"Source\">M\u00e4rta Lefvert<\/p>\n<p>Kan f\u00e5 biotopskydd<\/p>\n<p class=\"text\">Nedsl\u00e4ckningen \u00e4r ocks\u00e5 i linje med den utredning som staden nu g\u00f6r, f\u00f6r att kunna v\u00e4rna naturen vid Trekanten b\u00e4ttre. Planen \u00e4r att bilda ett biotopskyddsomr\u00e5de, <a target=\"_blank\" rel=\"noopener nofollow\" href=\"https:\/\/www.mitti.se\/nyheter\/mitti.se\/nyheter\/i-host-far-vintervikens-natur-extra-skydd-6.3.310434.bf16d51fa3\">precis som man gjort i ett omr\u00e5de i Vinterviken tidigare i h\u00f6stas<\/a>. Det \u00e4r ett s\u00e4tt att skydda sm\u00e5 mark- och vattenomr\u00e5den som har s\u00e4rskilt skyddsv\u00e4rd natur eller \u00e4r v\u00e4rdefulla livsmilj\u00f6er f\u00f6r hotade arter.<\/p>\n<p class=\"text\">\u2013 I den utredningen anges ocks\u00e5 att belysningen b\u00f6r sl\u00e4ckas. Det st\u00e4mmer att trygghetsfr\u00e5gan st\u00e4lls mot skydd av fladderm\u00f6ssen men vi t\u00e4nker att man inte beh\u00f6ver g\u00e5 \u00f6ver bron n\u00e4r det \u00e4r m\u00f6rkt utan kan g\u00e5 runt sj\u00f6n, s\u00e4ger Karin L\u00f6nnberg.<\/p>\n<p class=\"faktarubrik\">Fladderm\u00f6ssen som finns vid Trekanten<\/p>\n<p class=\"fakta\">Nordfladdermus, r\u00f6dlistad som n\u00e4ra hotad*<\/p>\n<p class=\"fakta\">Dv\u00e4rgpipistrell<\/p>\n<p class=\"fakta\">Gr\u00e5skimlig fladdermus<\/p>\n<p class=\"fakta\">Brunl\u00e5ng\u00f6ra, r\u00f6dlistad som n\u00e4ra hotad<\/p>\n<p class=\"fakta\">Vattenfladdermus<\/p>\n<p class=\"fakta\">Dammfladdermus, r\u00f6dlistad som n\u00e4ra hotad.<\/p>\n<p class=\"fakta\">Mustasch- eller taigafladdermus (dessa tv\u00e5 arter \u00e4r sv\u00e5ra att skilja \u00e5t)<\/p>\n<p class=\"fakta\">St\u00f6rre brunfladdermus<\/p>\n<p class=\"fakta\">*Artdatabanken\u00a0vid\u00a0Sveriges lantbruksuniversitet\u00a0i\u00a0Uppsala tar fram de nationella r\u00f6dlistorna. Listorna sl\u00e5s fast av\u00a0Naturv\u00e5rdsverket.<\/p>\n<p class=\"faktakalla\">K\u00e4lla: H\u00e4gersten-\u00c4lvsj\u00f6 stadsdelsf\u00f6rvaltning<\/p>\n<p class=\"citat\">I inventeringen uttrycktes att man inte b\u00f6r belysa vattenytan.<\/p>\n","protected":false},"excerpt":{"rendered":"H\u00f6sten 2023 sedan sattes lampor upp p\u00e5 tr\u00e4bron \u00f6ver den v\u00e4stra delen av Trekanten. Trevligt och tryggt f\u00f6r&hellip;\n","protected":false},"author":2,"featured_media":106353,"comment_status":"","ping_status":"","sticky":false,"template":"","format":"standard","meta":{"footnotes":""},"categories":[12],"tags":[22,23,26,27,17,21,24,25,28,29,15,16,18,34,31,33,32,30,19,20],"class_list":{"0":"post-106352","1":"post","2":"type-post","3":"status-publish","4":"format-standard","5":"has-post-thumbnail","7":"category-sverige","8":"tag-breaking-news","9":"tag-breakingnews","10":"tag-featured-news","11":"tag-featurednews","12":"tag-headlines","13":"tag-huvudnyheter","14":"tag-latest-news","15":"tag-latestnews","16":"tag-main-news","17":"tag-mainnews","18":"tag-news","19":"tag-nyheter","20":"tag-rubriker","21":"tag-se","22":"tag-svenska","23":"tag-sverige","24":"tag-sweden","25":"tag-swedish","26":"tag-top-stories","27":"tag-topstories"},"share_on_mastodon":{"url":"https:\/\/pubeurope.com\/@se\/115722478197715146","error":""},"_links":{"self":[{"href":"https:\/\/www.europesays.com\/se\/wp-json\/wp\/v2\/posts\/106352","targetHints":{"allow":["GET"]}}],"collection":[{"href":"https:\/\/www.europesays.com\/se\/wp-json\/wp\/v2\/posts"}],"about":[{"href":"https:\/\/www.europesays.com\/se\/wp-json\/wp\/v2\/types\/post"}],"author":[{"embeddable":true,"href":"https:\/\/www.europesays.com\/se\/wp-json\/wp\/v2\/users\/2"}],"replies":[{"embeddable":true,"href":"https:\/\/www.europesays.com\/se\/wp-json\/wp\/v2\/comments?post=106352"}],"version-history":[{"count":0,"href":"https:\/\/www.europesays.com\/se\/wp-json\/wp\/v2\/posts\/106352\/revisions"}],"wp:featuredmedia":[{"embeddable":true,"href":"https:\/\/www.europesays.com\/se\/wp-json\/wp\/v2\/media\/106353"}],"wp:attachment":[{"href":"https:\/\/www.europesays.com\/se\/wp-json\/wp\/v2\/media?parent=106352"}],"wp:term":[{"taxonomy":"category","embeddable":true,"href":"https:\/\/www.europesays.com\/se\/wp-json\/wp\/v2\/categories?post=106352"},{"taxonomy":"post_tag","embeddable":true,"href":"https:\/\/www.europesays.com\/se\/wp-json\/wp\/v2\/tags?post=106352"}],"curies":[{"name":"wp","href":"https:\/\/api.w.org\/{rel}","templated":true}]}}