{"id":106354,"date":"2025-12-15T07:47:08","date_gmt":"2025-12-15T07:47:08","guid":{"rendered":"https:\/\/www.europesays.com\/se\/106354\/"},"modified":"2025-12-15T07:47:08","modified_gmt":"2025-12-15T07:47:08","slug":"australien-oppnar-for-strangare-vapenlagar","status":"publish","type":"post","link":"https:\/\/www.europesays.com\/se\/106354\/","title":{"rendered":"Australien \u00f6ppnar f\u00f6r str\u00e4ngare vapenlagar"},"content":{"rendered":"<p>Australiens premi\u00e4rminister Anthony Albanese \u00f6ppnar f\u00f6r att strama \u00e5t vapenlagarna i efterdyningarna av s\u00f6ndagens terrorattentat i Sydney. <\/p>\n<p>\u2013 Regeringen \u00e4r f\u00f6rberedd p\u00e5 att vidta vilka \u00e5tg\u00e4rder som \u00e4n kr\u00e4vs. I det ing\u00e5r behovet av str\u00e4ngare vapenlagar. <\/p>\n<p>Str\u00e4ngare vapenlagar innefattar enligt premi\u00e4rministern bland annat begr\u00e4nsningar g\u00e4llande antalet vapen som en person kan f\u00e5 licens f\u00f6r och \u00f6versyn av vapenlicenser \u00f6ver tid. <\/p>\n<p>\u2013 M\u00e4nniskors omst\u00e4ndigheter kan f\u00f6r- \u00e4ndras. M\u00e4nniskor kan radikaliseras.<\/p>\n","protected":false},"excerpt":{"rendered":"Australiens premi\u00e4rminister Anthony Albanese \u00f6ppnar f\u00f6r att strama \u00e5t vapenlagarna i efterdyningarna av s\u00f6ndagens terrorattentat i Sydney. \u2013&hellip;\n","protected":false},"author":2,"featured_media":793,"comment_status":"","ping_status":"","sticky":false,"template":"","format":"standard","meta":{"footnotes":""},"categories":[5],"tags":[22,23,26,27,17,21,24,25,28,29,15,16,18,34,31,33,32,30,19,20],"class_list":{"0":"post-106354","1":"post","2":"type-post","3":"status-publish","4":"format-standard","5":"has-post-thumbnail","7":"category-rubriker","8":"tag-breaking-news","9":"tag-breakingnews","10":"tag-featured-news","11":"tag-featurednews","12":"tag-headlines","13":"tag-huvudnyheter","14":"tag-latest-news","15":"tag-latestnews","16":"tag-main-news","17":"tag-mainnews","18":"tag-news","19":"tag-nyheter","20":"tag-rubriker","21":"tag-se","22":"tag-svenska","23":"tag-sverige","24":"tag-sweden","25":"tag-swedish","26":"tag-top-stories","27":"tag-topstories"},"share_on_mastodon":{"url":"https:\/\/pubeurope.com\/@se\/115722482075123883","error":""},"_links":{"self":[{"href":"https:\/\/www.europesays.com\/se\/wp-json\/wp\/v2\/posts\/106354","targetHints":{"allow":["GET"]}}],"collection":[{"href":"https:\/\/www.europesays.com\/se\/wp-json\/wp\/v2\/posts"}],"about":[{"href":"https:\/\/www.europesays.com\/se\/wp-json\/wp\/v2\/types\/post"}],"author":[{"embeddable":true,"href":"https:\/\/www.europesays.com\/se\/wp-json\/wp\/v2\/users\/2"}],"replies":[{"embeddable":true,"href":"https:\/\/www.europesays.com\/se\/wp-json\/wp\/v2\/comments?post=106354"}],"version-history":[{"count":0,"href":"https:\/\/www.europesays.com\/se\/wp-json\/wp\/v2\/posts\/106354\/revisions"}],"wp:featuredmedia":[{"embeddable":true,"href":"https:\/\/www.europesays.com\/se\/wp-json\/wp\/v2\/media\/793"}],"wp:attachment":[{"href":"https:\/\/www.europesays.com\/se\/wp-json\/wp\/v2\/media?parent=106354"}],"wp:term":[{"taxonomy":"category","embeddable":true,"href":"https:\/\/www.europesays.com\/se\/wp-json\/wp\/v2\/categories?post=106354"},{"taxonomy":"post_tag","embeddable":true,"href":"https:\/\/www.europesays.com\/se\/wp-json\/wp\/v2\/tags?post=106354"}],"curies":[{"name":"wp","href":"https:\/\/api.w.org\/{rel}","templated":true}]}}