{"id":106359,"date":"2025-12-15T07:53:08","date_gmt":"2025-12-15T07:53:08","guid":{"rendered":"https:\/\/www.europesays.com\/se\/106359\/"},"modified":"2025-12-15T07:53:08","modified_gmt":"2025-12-15T07:53:08","slug":"hogerkandidat-vann-valet-i-chile","status":"publish","type":"post","link":"https:\/\/www.europesays.com\/se\/106359\/","title":{"rendered":"H\u00f6gerkandidat vann valet i Chile"},"content":{"rendered":"<p>H\u00f6gerkandidaten Jos\u00e9 Antonio Kast vann presidentvalet i Chile. V\u00e4nster- koalitionen och dess presidentkandidat Jeannette Jara har erk\u00e4nt f\u00f6rlusten. <\/p>\n<p>Med i princip alla r\u00f6ster r\u00e4knade har Kast f\u00e5tt ett st\u00f6d p\u00e5 runt 58 procent. <\/p>\n<p>Kast beskrivs som ultrakonservativ och den mest h\u00f6gerlutande presidentkandidaten sedan den brutale diktatorn Augusto Pinochet l\u00e4mnade makten. Kast har dessutom f\u00f6rsvarat Pinochet. <\/p>\n<p>Kast har bland annat g\u00e5tt till val p\u00e5 att utvisa mer \u00e4n 300\u00a0000 invandrare och st\u00e4nga gr\u00e4nsen i norr.<\/p>\n","protected":false},"excerpt":{"rendered":"H\u00f6gerkandidaten Jos\u00e9 Antonio Kast vann presidentvalet i Chile. V\u00e4nster- koalitionen och dess presidentkandidat Jeannette Jara har erk\u00e4nt f\u00f6rlusten.&hellip;\n","protected":false},"author":2,"featured_media":793,"comment_status":"","ping_status":"","sticky":false,"template":"","format":"standard","meta":{"footnotes":""},"categories":[14],"tags":[22,23,26,27,17,21,24,25,28,29,15,16,18,34,31,33,32,30,19,20,51,52,53,54],"class_list":{"0":"post-106359","1":"post","2":"type-post","3":"status-publish","4":"format-standard","5":"has-post-thumbnail","7":"category-varlden","8":"tag-breaking-news","9":"tag-breakingnews","10":"tag-featured-news","11":"tag-featurednews","12":"tag-headlines","13":"tag-huvudnyheter","14":"tag-latest-news","15":"tag-latestnews","16":"tag-main-news","17":"tag-mainnews","18":"tag-news","19":"tag-nyheter","20":"tag-rubriker","21":"tag-se","22":"tag-svenska","23":"tag-sverige","24":"tag-sweden","25":"tag-swedish","26":"tag-top-stories","27":"tag-topstories","28":"tag-varlden","29":"tag-world","30":"tag-world-news","31":"tag-worldnews"},"share_on_mastodon":{"url":"https:\/\/pubeurope.com\/@se\/115722505654366078","error":""},"_links":{"self":[{"href":"https:\/\/www.europesays.com\/se\/wp-json\/wp\/v2\/posts\/106359","targetHints":{"allow":["GET"]}}],"collection":[{"href":"https:\/\/www.europesays.com\/se\/wp-json\/wp\/v2\/posts"}],"about":[{"href":"https:\/\/www.europesays.com\/se\/wp-json\/wp\/v2\/types\/post"}],"author":[{"embeddable":true,"href":"https:\/\/www.europesays.com\/se\/wp-json\/wp\/v2\/users\/2"}],"replies":[{"embeddable":true,"href":"https:\/\/www.europesays.com\/se\/wp-json\/wp\/v2\/comments?post=106359"}],"version-history":[{"count":0,"href":"https:\/\/www.europesays.com\/se\/wp-json\/wp\/v2\/posts\/106359\/revisions"}],"wp:featuredmedia":[{"embeddable":true,"href":"https:\/\/www.europesays.com\/se\/wp-json\/wp\/v2\/media\/793"}],"wp:attachment":[{"href":"https:\/\/www.europesays.com\/se\/wp-json\/wp\/v2\/media?parent=106359"}],"wp:term":[{"taxonomy":"category","embeddable":true,"href":"https:\/\/www.europesays.com\/se\/wp-json\/wp\/v2\/categories?post=106359"},{"taxonomy":"post_tag","embeddable":true,"href":"https:\/\/www.europesays.com\/se\/wp-json\/wp\/v2\/tags?post=106359"}],"curies":[{"name":"wp","href":"https:\/\/api.w.org\/{rel}","templated":true}]}}