{"id":106362,"date":"2025-12-15T07:55:08","date_gmt":"2025-12-15T07:55:08","guid":{"rendered":"https:\/\/www.europesays.com\/se\/106362\/"},"modified":"2025-12-15T07:55:08","modified_gmt":"2025-12-15T07:55:08","slug":"helena-bergstrom-laser-nyarsklockan-i-svt-2025","status":"publish","type":"post","link":"https:\/\/www.europesays.com\/se\/106362\/","title":{"rendered":"Helena Bergstr\u00f6m l\u00e4ser \u201dNy\u00e5rsklockan\u201d i SVT 2025"},"content":{"rendered":"<p>2026 kommer att ringas in av sk\u00e5despelaren och regiss\u00f6ren Helena Bergstr\u00f6m n\u00e4r hon p\u00e5 Skansen l\u00e4ser Tennysons dikt \u201dNy\u00e5rsklockan\u201d. Bergstr\u00f6m debuterade i TV-produktionen \u201dHem, Ljuva Hem\u201d 1978 och har sen dess gjort roller i bland annat \u201dBlack Jack\u201d, \u201d\u00c4nglag\u00e5rd\u201d och \u201dLivet \u00e4r en schlager\u201d.<\/p>\n<p>2007 inledde hon sin karri\u00e4r som regiss\u00f6r med filmen \u201dSe upp f\u00f6r d\u00e5rarna\u201d, och har regisserat titlar som \u201dEn underbar j\u00e4vla jul\u201d och \u201dVilken j\u00e4vla cirkus\u201d.<\/p>\n<p>\u2013 Det k\u00e4nns v\u00e4ldigt \u00e4rofyllt, s\u00e4ger Helena Bergstr\u00f6m i SVT:s Morgonstudion.<\/p>\n<p>Helena Bergstr\u00f6m \u00e4r inte den f\u00f6rsta i sin familj att ringa in ett nytt \u00e5r. Mellan \u00e5ren 1947 och 1955 l\u00e4ste hennes morfar, sk\u00e5despelaren Olof Widgren, upp Tennysons dikt p\u00e5 Skansen. <\/p>\n<p>\u2013 Jag har \u00f6vat intensivt. De ska kunna v\u00e4cka mig mitt i natten och jag ska kunna l\u00e4sa \u201dNy\u00e5rsklockan\u201d, s\u00e4ger Bergstr\u00f6m.<\/p>\n<p>Andr\u00e9 Pops och Linn\u00e9a Wikblad leder s\u00e4ndningen<\/p>\n<p>Vid sin sida kommer Helena Bergstr\u00f6m ha programledarna Andr\u00e9 Pops och Linn\u00e9a Wikblad. \u00c4ven artisterna Tommy K\u00f6rberg, Charlotte Perelli, och Greczula, Fanny Avonne samt Tensta Joyful Noise kommer att upptr\u00e4da under s\u00e4ndningen.<\/p>\n<p>\u201dTolvslaget p\u00e5 Skansen\u201d s\u00e4nds i SVT Play och SVT1 onsdag 31 december kl 23.25-00.15.<\/p>\n","protected":false},"excerpt":{"rendered":"2026 kommer att ringas in av sk\u00e5despelaren och regiss\u00f6ren Helena Bergstr\u00f6m n\u00e4r hon p\u00e5 Skansen l\u00e4ser Tennysons dikt&hellip;\n","protected":false},"author":2,"featured_media":106363,"comment_status":"","ping_status":"","sticky":false,"template":"","format":"standard","meta":{"footnotes":""},"categories":[5],"tags":[22,23,26,27,17,21,24,25,28,29,15,16,18,34,31,33,32,30,19,20],"class_list":{"0":"post-106362","1":"post","2":"type-post","3":"status-publish","4":"format-standard","5":"has-post-thumbnail","7":"category-rubriker","8":"tag-breaking-news","9":"tag-breakingnews","10":"tag-featured-news","11":"tag-featurednews","12":"tag-headlines","13":"tag-huvudnyheter","14":"tag-latest-news","15":"tag-latestnews","16":"tag-main-news","17":"tag-mainnews","18":"tag-news","19":"tag-nyheter","20":"tag-rubriker","21":"tag-se","22":"tag-svenska","23":"tag-sverige","24":"tag-sweden","25":"tag-swedish","26":"tag-top-stories","27":"tag-topstories"},"share_on_mastodon":{"url":"https:\/\/pubeurope.com\/@se\/115722513484696916","error":""},"_links":{"self":[{"href":"https:\/\/www.europesays.com\/se\/wp-json\/wp\/v2\/posts\/106362","targetHints":{"allow":["GET"]}}],"collection":[{"href":"https:\/\/www.europesays.com\/se\/wp-json\/wp\/v2\/posts"}],"about":[{"href":"https:\/\/www.europesays.com\/se\/wp-json\/wp\/v2\/types\/post"}],"author":[{"embeddable":true,"href":"https:\/\/www.europesays.com\/se\/wp-json\/wp\/v2\/users\/2"}],"replies":[{"embeddable":true,"href":"https:\/\/www.europesays.com\/se\/wp-json\/wp\/v2\/comments?post=106362"}],"version-history":[{"count":0,"href":"https:\/\/www.europesays.com\/se\/wp-json\/wp\/v2\/posts\/106362\/revisions"}],"wp:featuredmedia":[{"embeddable":true,"href":"https:\/\/www.europesays.com\/se\/wp-json\/wp\/v2\/media\/106363"}],"wp:attachment":[{"href":"https:\/\/www.europesays.com\/se\/wp-json\/wp\/v2\/media?parent=106362"}],"wp:term":[{"taxonomy":"category","embeddable":true,"href":"https:\/\/www.europesays.com\/se\/wp-json\/wp\/v2\/categories?post=106362"},{"taxonomy":"post_tag","embeddable":true,"href":"https:\/\/www.europesays.com\/se\/wp-json\/wp\/v2\/tags?post=106362"}],"curies":[{"name":"wp","href":"https:\/\/api.w.org\/{rel}","templated":true}]}}