{"id":106368,"date":"2025-12-15T08:03:09","date_gmt":"2025-12-15T08:03:09","guid":{"rendered":"https:\/\/www.europesays.com\/se\/106368\/"},"modified":"2025-12-15T08:03:09","modified_gmt":"2025-12-15T08:03:09","slug":"overforingsledningen-nu-i-holo-trosa-kommun","status":"publish","type":"post","link":"https:\/\/www.europesays.com\/se\/106368\/","title":{"rendered":"\u00d6verf\u00f6ringsledningen nu i H\u00f6l\u00f6 &#8211; Trosa kommun"},"content":{"rendered":"<p>Hittills har n\u00e4stan 10 kilometer ledning lagts ner i marken sedan byggstarten vid Vagnh\u00e4rads reningsverk under v\u00e5ren 2025. Totalt ska n\u00e4stan 15 kilometer ledning gr\u00e4vas ner, f\u00f6r att sedan ansluta till den \u00f6verf\u00f6ringsledning som Telge n\u00e4t har anlagt mellan H\u00f6l\u00f6 och SYVABs anslutningspunkt i Pilkrog.<\/p>\n<p>En stor del av arbetet har skett med styrd borrning. En metod som ger en l\u00e4gre grad av p\u00e5verkan p\u00e5 milj\u00f6n. Just nu p\u00e5g\u00e5r arbetet med att dra \u00f6verf\u00f6ringsledningen under E4:an.<\/p>\n<p>L\u00e4ngs med den anlagda str\u00e4ckan byggs ocks\u00e5 fyra nya pumphus som ska pumpa avloppsvattnet vidare till SYVABs reningsverk Himmerfj\u00e4rdsverket. \u00d6verf\u00f6ringsledningen ber\u00e4knas tas i bruk under 2027 och ska d\u00e5 ers\u00e4tta de tv\u00e5 reningsverk som Trosa kommun har idag.<\/p>\n","protected":false},"excerpt":{"rendered":"Hittills har n\u00e4stan 10 kilometer ledning lagts ner i marken sedan byggstarten vid Vagnh\u00e4rads reningsverk under v\u00e5ren 2025.&hellip;\n","protected":false},"author":2,"featured_media":106369,"comment_status":"","ping_status":"","sticky":false,"template":"","format":"standard","meta":{"footnotes":""},"categories":[12],"tags":[22,23,26,27,17,21,24,25,28,29,15,16,18,34,31,33,32,30,19,20],"class_list":{"0":"post-106368","1":"post","2":"type-post","3":"status-publish","4":"format-standard","5":"has-post-thumbnail","7":"category-sverige","8":"tag-breaking-news","9":"tag-breakingnews","10":"tag-featured-news","11":"tag-featurednews","12":"tag-headlines","13":"tag-huvudnyheter","14":"tag-latest-news","15":"tag-latestnews","16":"tag-main-news","17":"tag-mainnews","18":"tag-news","19":"tag-nyheter","20":"tag-rubriker","21":"tag-se","22":"tag-svenska","23":"tag-sverige","24":"tag-sweden","25":"tag-swedish","26":"tag-top-stories","27":"tag-topstories"},"share_on_mastodon":{"url":"https:\/\/pubeurope.com\/@se\/115722544995836964","error":""},"_links":{"self":[{"href":"https:\/\/www.europesays.com\/se\/wp-json\/wp\/v2\/posts\/106368","targetHints":{"allow":["GET"]}}],"collection":[{"href":"https:\/\/www.europesays.com\/se\/wp-json\/wp\/v2\/posts"}],"about":[{"href":"https:\/\/www.europesays.com\/se\/wp-json\/wp\/v2\/types\/post"}],"author":[{"embeddable":true,"href":"https:\/\/www.europesays.com\/se\/wp-json\/wp\/v2\/users\/2"}],"replies":[{"embeddable":true,"href":"https:\/\/www.europesays.com\/se\/wp-json\/wp\/v2\/comments?post=106368"}],"version-history":[{"count":0,"href":"https:\/\/www.europesays.com\/se\/wp-json\/wp\/v2\/posts\/106368\/revisions"}],"wp:featuredmedia":[{"embeddable":true,"href":"https:\/\/www.europesays.com\/se\/wp-json\/wp\/v2\/media\/106369"}],"wp:attachment":[{"href":"https:\/\/www.europesays.com\/se\/wp-json\/wp\/v2\/media?parent=106368"}],"wp:term":[{"taxonomy":"category","embeddable":true,"href":"https:\/\/www.europesays.com\/se\/wp-json\/wp\/v2\/categories?post=106368"},{"taxonomy":"post_tag","embeddable":true,"href":"https:\/\/www.europesays.com\/se\/wp-json\/wp\/v2\/tags?post=106368"}],"curies":[{"name":"wp","href":"https:\/\/api.w.org\/{rel}","templated":true}]}}