{"id":106374,"date":"2025-12-15T08:11:10","date_gmt":"2025-12-15T08:11:10","guid":{"rendered":"https:\/\/www.europesays.com\/se\/106374\/"},"modified":"2025-12-15T08:11:10","modified_gmt":"2025-12-15T08:11:10","slug":"sa-har-kvartshandeln-paverkat-elhandelsforetagen","status":"publish","type":"post","link":"https:\/\/www.europesays.com\/se\/106374\/","title":{"rendered":"S\u00e5 har kvartshandeln p\u00e5verkat elhandelsf\u00f6retagen"},"content":{"rendered":"<p><strong><img decoding=\"async\" loading=\"lazy\" class=\"wide-img\" src=\"https:\/\/www.europesays.com\/se\/wp-content\/uploads\/2025\/12\/fredrik-karlsson-6x4.jpg\" alt=\"\" width=\"1710\" height=\"1140\"\/><\/strong><strong>Fredrik Karlsson<\/strong><strong>, <\/strong><strong>s\u00e4lj- och marknadsansvarig<\/strong><strong>, Ystad Energi<\/strong><\/p>\n<p><strong>Hur har oml\u00e4ggningen till kvartspriser p\u00e5verkat era egna processer och ink\u00f6p?\u00a0<br \/><\/strong>\u2013 N\u00e4r det g\u00e4ller ink\u00f6pen s\u00e5 hanterar den som har v\u00e5rt balansansvar den biten. D\u00e4remot har vi f\u00e5tt skapa nya produkter f\u00f6r att kunna hantera kvartspriss\u00e4ttningen, vilket har medf\u00f6rt en del extra arbete rent systemtekniskt.<\/p>\n<p>\u2013 Med kvartpriser \u00f6kar sj\u00e4lvklart ocks\u00e5 datam\u00e4ngden, vilket belastar systemen. Detta har dock varit hanterbart. Vi har \u00e4ven beh\u00f6vt omarbeta och uppdatera v\u00e5ra s\u00e4rskilda avtalsvillkor.<\/p>\n<p><strong>Hur har omst\u00e4llningen tagits emot av kunderna \u2013 \u00a0blir det fler eller f\u00e4rre som vill ha riktigt r\u00f6rligt pris?<br \/><\/strong>\u2013 Vi f\u00f6rs\u00f6kte informera v\u00e5ra kunder som ber\u00f6rdes av denna \u00f6verg\u00e5ng p\u00e5 ett s\u00e5 tydligt s\u00e4tt som m\u00f6jligt genom ett s\u00e4rskilt meddelande och ytterligare f\u00f6rklaring p\u00e5 v\u00e5r hemsida. Detta togs emot p\u00e5 ett positivt s\u00e4tt och det har inte varit n\u00e5gra st\u00f6rre fr\u00e5getecken. Vi hade en handfull kunder som valde att g\u00e5 \u00f6ver till vanligt r\u00f6rligt avtal. Men andelen som vill ha ett dynamiskt elpris ligger fortsatt kvar p\u00e5 samma niv\u00e5.<\/p>\n<p>\u2013 Vi har inte f\u00e5tt n\u00e5gra indikationer p\u00e5 att kunderna ska ha m\u00e4rkt av n\u00e5gra st\u00f6rre f\u00f6r\u00e4ndringar n\u00e4r det g\u00e4ller prisbilden. Jag tror att de som \u00e4r v\u00e4ldigt medvetna och aktiva i sin energif\u00f6rbrukning faktiskt kan dra f\u00f6rdel av att priserna f\u00f6r\u00e4ndras varje kvart.<\/p>\n<p><strong>Vad tror ni om framtiden \u2013 kommer de flesta kunder g\u00e5 \u00f6ver till kvartspriser eller \u00e4r de konservativa?<br \/><\/strong>\u2013 Det \u00e4r sv\u00e5rt att svara p\u00e5. Vi har fortfarande en ganska liten andel av v\u00e5ra kunder som har valt att ha dynamiskt elpris \u2013 traditionellt r\u00f6rligt elpris \u00e4r det absolut vanligaste. S\u00e5 l\u00e4nge r\u00f6rligt elpris fortfarande erbjuds tror jag att det ocks\u00e5 kommer vara det vanligaste fram\u00f6ver.<\/p>\n<p>\u2013 Skulle det ske andra marknadsm\u00e4ssiga f\u00f6r\u00e4ndringar, till exempel extremt h\u00f6ga elpriser, kan det absolut \u00f6ppna upp f\u00f6r att en st\u00f6rre andel konsumenter v\u00e4ljer ett kvartsprisavtal.<\/p>\n<p><strong><img decoding=\"async\" loading=\"lazy\" class=\"wide-img\" src=\"https:\/\/www.europesays.com\/se\/wp-content\/uploads\/2025\/12\/lovisa-lennings.jpg\" alt=\"\" width=\"1710\" height=\"1140\"\/><\/strong><strong>Lovisa Lennings, elmarknadsanalytiker, Tran\u00e5s Energi<\/strong><\/p>\n<p><strong>Hur har oml\u00e4ggningen till kvartspriser p\u00e5verkat era egna processer och ink\u00f6p?<br \/><\/strong>\u2013 Inte mer \u00e4n att allt har st\u00e4llts om fr\u00e5n timme till kvart f\u00f6r avr\u00e4kning, b\u00e5de fr\u00e5n balansansvarig samt debitering ut till kund. Vi var ocks\u00e5 snabba p\u00e5 att f\u00e5 \u00f6ver v\u00e5ra kunder fr\u00e5n timprisavtal till kvartprisavtal f\u00f6r att inte ta profilrisk.<\/p>\n<p>\u2013 Det komplexa har v\u00e4l varit att det ska inh\u00e4mtas fyra g\u00e5nger fler v\u00e4rden per timme i kundernas m\u00e4tarst\u00e4llningar varje m\u00e5nad, vilket g\u00f6r att om ett enda v\u00e4rde saknas s\u00e5 fastnar kunden i debiteringen om denna har ett kvartprisavtal.<\/p>\n<p><strong>Hur har omst\u00e4llningen tagits emot av kunderna \u2013 blir det fler eller f\u00e4rre som vill ha riktigt r\u00f6rligt pris?\u00a0<br \/><\/strong>\u2013 Det har inte inneburit st\u00f6rre f\u00f6r\u00e4ndringar eller reaktioner av kunderna \u00e4n n\u00e4r de tidigare haft timprisavtal. Dock m\u00e4rker vi av en \u00f6kning i att vilja priss\u00e4kra elen n\u00e4r det g\u00e4ller privatkunder \u2013 eftersom spotpriserna n\u00e5r upp till h\u00f6gra niv\u00e5er stundtals. N\u00e5gra privatkunder har n\u00e4mnt att de inte tycker det \u00e4r l\u00f6nt att testa kvartpris, eftersom det blir sv\u00e5rare att planera sin anv\u00e4ndning p\u00e5 kvartsniv\u00e5 under dygnet och inte l\u00e4ngre under en hel timme.<\/p>\n<p>\u2013 F\u00f6r f\u00f6retag har vi haft en del dialog kring hur de kan p\u00e5verka sin profilkostnad \u2013 genom att styra sin anv\u00e4ndning av el till dygnets billiga kvartar \u2013 och hj\u00e4lpt kunden att utl\u00e4sa sina effekttoppar under dygnet.<\/p>\n<p><strong>Vad tror ni om framtiden \u2013 kommer de flesta kunder g\u00e5 \u00f6ver till kvartspriser eller \u00e4r de konservativa?<br \/><\/strong>\u2013 Det beror p\u00e5 hur insatt kunden \u00e4r, hur mycket el kunden f\u00f6rbrukar och om de ser att det faktiskt l\u00f6nar sig att f\u00f6r\u00e4ndra sitt f\u00f6rbrukningsm\u00f6nster. Reaktionen fr\u00e5n v\u00e5ra privatkunder om att det blir sv\u00e5rare att styra sin f\u00f6rbrukning p\u00e5 kvartsniv\u00e5 kommer nog att h\u00e5lla i sig tror jag. Det beror ju ocks\u00e5 p\u00e5 om priserna inom kvartarna f\u00f6rblir volatila eller hur utvecklingen d\u00e4r kommer att bli.<\/p>\n<ul>\n<li><strong><img decoding=\"async\" loading=\"lazy\" class=\"wide-img\" src=\"https:\/\/www.europesays.com\/se\/wp-content\/uploads\/2025\/12\/skelleftekraft-6x4.png\" alt=\"\" width=\"432\" height=\"288\"\/><\/strong><\/li>\n<\/ul>\n<p><strong><br \/>Maria Nystr\u00f6m, aff\u00e4rsenhetschef privatmarknad<\/strong><strong>,\u00a0<br \/><\/strong><strong>Stefan Forsgren, aff\u00e4rsomr\u00e5deschef kraftsystem, Skellefte\u00e5 Kraft<\/strong><\/p>\n<p><strong>Hur har oml\u00e4ggningen till kvartspriser \u00a0p\u00e5verkat era egna processer och ink\u00f6p?<br \/><\/strong>\u2013 Det har inte p\u00e5verkat p\u00e5 annat s\u00e4tt \u00e4n att volymerna \u00e4r mer finf\u00f6rdelade. Men att hantera 96 kvartar \u00e4r betydligt mer komplext \u00e4n att hantera 24 timmar. F\u00f6r att kunna hantera kvartar har vi moderniserat v\u00e5ra system och automatiserat handeln i h\u00f6gre grad. Vi ser ocks\u00e5 att kostnaden f\u00f6r obalanser har \u00f6kat sedan inf\u00f6randet av obalanspriser per kvart.<\/p>\n<p><strong>Hur har omst\u00e4llningen tagits emot av kunderna \u2013 blir det fler eller f\u00e4rre som vill ha riktigt r\u00f6rligt pris? <br \/><\/strong>\u2013 Vi ser \u00e4nnu s\u00e5 l\u00e4nge ingen stor f\u00f6r\u00e4ndring i kundernas beteende, val av elavtal eller f\u00f6r den del f\u00f6r\u00e4ndringar i prisbilden vid inf\u00f6randet av kvartspris. I v\u00e5ra dialoger med kund kan vi \u00e4n s\u00e5 l\u00e4nge inte uppfatta att inf\u00f6randet av kvartspris har stor p\u00e5verkan i deras val av elavtal.<\/p>\n<p><strong>Vad tror ni om framtiden \u2013 kommer de flesta kunder g\u00e5 \u00f6ver till kvartspriser eller \u00e4r de konservativa?<br \/><\/strong>\u2013 Vi tror att kunderna i framtiden mer och mer kommer att vilja kunna p\u00e5verka sin kostnad f\u00f6r el och d\u00e4rmed kommer att bli mer aktiva i sina val av elavtal. Detta borde inneb\u00e4ra att kvartsprisavtalen blir mer och mer intressanta f\u00f6r kunderna eftersom det \u00e4r ett s\u00e4tt att sj\u00e4lv kunna p\u00e5verka sin elkostnad.<\/p>\n<p><strong>\u00a0<img decoding=\"async\" loading=\"lazy\" class=\"wide-img\" src=\"https:\/\/www.europesays.com\/se\/wp-content\/uploads\/2025\/12\/patrik_sodersten.jpg\" alt=\"\" width=\"1710\" height=\"1140\"\/><\/strong><strong>Patrik S\u00f6dersten, elprisexpert, Fortum<\/strong><\/p>\n<p><strong>Hur har oml\u00e4ggningen till kvartspriser p\u00e5verkat era egna processer och ink\u00f6p?\u00a0<br \/><\/strong>\u2013 Vi \u00e4r ju ett nordiskt bolag s\u00e5 vi har genomf\u00f6rt det h\u00e4r i ett nordiskt projekt \u00f6ver alla tre l\u00e4nder samtidigt p\u00e5 Fortum. Det handlar om allting fr\u00e5n krafthandel och kundkommunikation till fakturering. S\u00e5 att det har p\u00e5verkat v\u00e5ra processer v\u00e4ldigt mycket, framf\u00f6r allt st\u00f6rre krav p\u00e5 system och it.<\/p>\n<p>\u2013 Vi har beh\u00f6vt uppgradera v\u00e5ra system i alla tre l\u00e4nder f\u00f6r att hantera mer m\u00e4tv\u00e4rden. Fler m\u00e4tpunkter st\u00e4ller ju krav p\u00e5 datahantering generellt. Det blir ocks\u00e5 en mer komplex avr\u00e4kning eftersom vi har fyra tal ist\u00e4llet f\u00f6r ett tal att r\u00e4kna p\u00e5 hela tiden. Men det \u00e4r samtidigt en mer exakt balansh\u00e5llning och b\u00e4ttre integration mot f\u00f6rnybar energi som vi vill f\u00e5 ut.<\/p>\n<p><strong>Hur har omst\u00e4llningen tagits emot av kunderna \u2013 blir det fler eller f\u00e4rre som vill ha riktigt r\u00f6rligt pris?\u00a0<br \/><\/strong>\u2013 De kunder som hade timpris innan har fortsatt med kvartalspris. Tio procent av kundmassan \u00e4r j\u00e4tteintresserade av kvartspriser och vill kunna styra. Det \u00e4r troligtvis samma kunder som har investerat i en elbil, i solpaneler eller l\u00f6sningar i hemmet f\u00f6r att styra utrustningen. Medan de kunder som har m\u00e5nadspris, vilket \u00e4r den absoluta st\u00f6rsta kundgruppen, egentligen inte beh\u00f6ver bry sig alls.<\/p>\n<p>\u2013 Vi har informerat alla kunder men alla f\u00f6rst\u00e5r s\u00e4kert inte vad det \u00e4r som har blivit implementerat, och de beh\u00f6ver inte f\u00f6rst\u00e5 det heller. Man \u00e4r s\u00e4kert mer intresserad av att veta hur priserna kommer att se ut generellt i vinter.<\/p>\n<p>\u2013 Elpriset har inte blivit dyrare i genomsnitt, men skillnaderna mellan dygnets timmar och kvartal har blivit mer synliga och ibland st\u00f6rre. F\u00f6r hush\u00e5ll och f\u00f6retag inneb\u00e4r det b\u00e5de risk f\u00f6r korta pristoppar och men ocks\u00e5 m\u00f6jlighet till besparingar om man kan styra sin f\u00f6rbrukning.<\/p>\n<p><strong>Vad tror ni om framtiden \u2013 kommer de flesta kunder g\u00e5 \u00f6ver till kvartspriser eller \u00e4r de konservativa?<br \/><\/strong>\u2013 N\u00e4r det finns enkla tekniska l\u00f6sningar som g\u00f6r jobbet och som du som kund slipper t\u00e4nka p\u00e5, och som dessutom s\u00e4nker kostnaden, d\u00e5 \u00e4r kvartspriser riktigt bra och v\u00e4lkommen f\u00f6r fler kunder.<\/p>\n<p>\u2013 Fram\u00f6ver kommer s\u00e4kert fler akt\u00f6rer att erbjuda de passiva kunderna j\u00e4tteintressanta l\u00f6sningar och d\u00e5 kommer det bli mer aktuellt med kvartspriser f\u00f6r fler kunder. Men just nu s\u00e5 ser vi inte n\u00e5gon st\u00f6rre f\u00f6r\u00e4ndring.<\/p>\n<p class=\"font-sm text-uppercase font-open-sans text-right pt-2\">Jan Hallman<\/p>\n","protected":false},"excerpt":{"rendered":"Fredrik Karlsson, s\u00e4lj- och marknadsansvarig, Ystad Energi Hur har oml\u00e4ggningen till kvartspriser p\u00e5verkat era egna processer och ink\u00f6p?\u00a0\u2013&hellip;\n","protected":false},"author":2,"featured_media":106375,"comment_status":"","ping_status":"","sticky":false,"template":"","format":"standard","meta":{"footnotes":""},"categories":[12],"tags":[22,23,26,27,17,21,24,25,28,29,15,16,18,34,31,33,32,30,19,20],"class_list":{"0":"post-106374","1":"post","2":"type-post","3":"status-publish","4":"format-standard","5":"has-post-thumbnail","7":"category-sverige","8":"tag-breaking-news","9":"tag-breakingnews","10":"tag-featured-news","11":"tag-featurednews","12":"tag-headlines","13":"tag-huvudnyheter","14":"tag-latest-news","15":"tag-latestnews","16":"tag-main-news","17":"tag-mainnews","18":"tag-news","19":"tag-nyheter","20":"tag-rubriker","21":"tag-se","22":"tag-svenska","23":"tag-sverige","24":"tag-sweden","25":"tag-swedish","26":"tag-top-stories","27":"tag-topstories"},"share_on_mastodon":{"url":"https:\/\/pubeurope.com\/@se\/115722576721385042","error":""},"_links":{"self":[{"href":"https:\/\/www.europesays.com\/se\/wp-json\/wp\/v2\/posts\/106374","targetHints":{"allow":["GET"]}}],"collection":[{"href":"https:\/\/www.europesays.com\/se\/wp-json\/wp\/v2\/posts"}],"about":[{"href":"https:\/\/www.europesays.com\/se\/wp-json\/wp\/v2\/types\/post"}],"author":[{"embeddable":true,"href":"https:\/\/www.europesays.com\/se\/wp-json\/wp\/v2\/users\/2"}],"replies":[{"embeddable":true,"href":"https:\/\/www.europesays.com\/se\/wp-json\/wp\/v2\/comments?post=106374"}],"version-history":[{"count":0,"href":"https:\/\/www.europesays.com\/se\/wp-json\/wp\/v2\/posts\/106374\/revisions"}],"wp:featuredmedia":[{"embeddable":true,"href":"https:\/\/www.europesays.com\/se\/wp-json\/wp\/v2\/media\/106375"}],"wp:attachment":[{"href":"https:\/\/www.europesays.com\/se\/wp-json\/wp\/v2\/media?parent=106374"}],"wp:term":[{"taxonomy":"category","embeddable":true,"href":"https:\/\/www.europesays.com\/se\/wp-json\/wp\/v2\/categories?post=106374"},{"taxonomy":"post_tag","embeddable":true,"href":"https:\/\/www.europesays.com\/se\/wp-json\/wp\/v2\/tags?post=106374"}],"curies":[{"name":"wp","href":"https:\/\/api.w.org\/{rel}","templated":true}]}}