{"id":106378,"date":"2025-12-15T08:13:23","date_gmt":"2025-12-15T08:13:23","guid":{"rendered":"https:\/\/www.europesays.com\/se\/106378\/"},"modified":"2025-12-15T08:13:23","modified_gmt":"2025-12-15T08:13:23","slug":"badbrygga-gors-tillganglig-igen-mitt-i","status":"publish","type":"post","link":"https:\/\/www.europesays.com\/se\/106378\/","title":{"rendered":"Badbrygga g\u00f6rs tillg\u00e4nglig igen | Mitt i"},"content":{"rendered":"<p class=\"text\">Badbryggan p\u00e5 M\u00e4larh\u00f6jdsbadet kan bli mer tillg\u00e4nglig f\u00f6r badg\u00e4ster \u00e5ret runt. Efter ett medborgar\u00adf\u00f6rslag om en brygga som ska underl\u00e4tta f\u00f6r bad \u00e5ret runt f\u00f6resl\u00e5r nu stadsdelsf\u00f6rvaltningen att den befintliga bryggan vid M\u00e4larh\u00f6jdsbadet ska kompletteras med en landg\u00e5ng mot land.<\/p>\n<p class=\"text\">Badbryggan hade tidigare en landg\u00e5ng men den togs bort som en s\u00e4kerhets\u00e5tg\u00e4rd 2011 efter att ett mindre barn sprungit ut p\u00e5 bryggan och ramlat i vattnet. \u00c4rendet tas upp i Sk\u00e4rholmens stadsdelsn\u00e4mnd den 11 december.<\/p>\n","protected":false},"excerpt":{"rendered":"Badbryggan p\u00e5 M\u00e4larh\u00f6jdsbadet kan bli mer tillg\u00e4nglig f\u00f6r badg\u00e4ster \u00e5ret runt. Efter ett medborgar\u00adf\u00f6rslag om en brygga som&hellip;\n","protected":false},"author":2,"featured_media":106379,"comment_status":"","ping_status":"","sticky":false,"template":"","format":"standard","meta":{"footnotes":""},"categories":[69],"tags":[113,112,34,31,33,32,30],"class_list":{"0":"post-106378","1":"post","2":"type-post","3":"status-publish","4":"format-standard","5":"has-post-thumbnail","7":"category-halsa","8":"tag-halsa","9":"tag-health","10":"tag-se","11":"tag-svenska","12":"tag-sverige","13":"tag-sweden","14":"tag-swedish"},"share_on_mastodon":{"url":"https:\/\/pubeurope.com\/@se\/115722584264732914","error":""},"_links":{"self":[{"href":"https:\/\/www.europesays.com\/se\/wp-json\/wp\/v2\/posts\/106378","targetHints":{"allow":["GET"]}}],"collection":[{"href":"https:\/\/www.europesays.com\/se\/wp-json\/wp\/v2\/posts"}],"about":[{"href":"https:\/\/www.europesays.com\/se\/wp-json\/wp\/v2\/types\/post"}],"author":[{"embeddable":true,"href":"https:\/\/www.europesays.com\/se\/wp-json\/wp\/v2\/users\/2"}],"replies":[{"embeddable":true,"href":"https:\/\/www.europesays.com\/se\/wp-json\/wp\/v2\/comments?post=106378"}],"version-history":[{"count":0,"href":"https:\/\/www.europesays.com\/se\/wp-json\/wp\/v2\/posts\/106378\/revisions"}],"wp:featuredmedia":[{"embeddable":true,"href":"https:\/\/www.europesays.com\/se\/wp-json\/wp\/v2\/media\/106379"}],"wp:attachment":[{"href":"https:\/\/www.europesays.com\/se\/wp-json\/wp\/v2\/media?parent=106378"}],"wp:term":[{"taxonomy":"category","embeddable":true,"href":"https:\/\/www.europesays.com\/se\/wp-json\/wp\/v2\/categories?post=106378"},{"taxonomy":"post_tag","embeddable":true,"href":"https:\/\/www.europesays.com\/se\/wp-json\/wp\/v2\/tags?post=106378"}],"curies":[{"name":"wp","href":"https:\/\/api.w.org\/{rel}","templated":true}]}}