{"id":106394,"date":"2025-12-15T08:28:23","date_gmt":"2025-12-15T08:28:23","guid":{"rendered":"https:\/\/www.europesays.com\/se\/106394\/"},"modified":"2025-12-15T08:28:23","modified_gmt":"2025-12-15T08:28:23","slug":"sa-har-priserna-pa-julbordet-forandrats","status":"publish","type":"post","link":"https:\/\/www.europesays.com\/se\/106394\/","title":{"rendered":"S\u00e5 har priserna p\u00e5 julbordet f\u00f6r\u00e4ndrats"},"content":{"rendered":"<p class=\"NewsPage_contentType__euyJi\">Artikel<\/p>\n<p class=\"NewsPage_date__RVDK1\">Publicerad 2025-12-15 av Alva Ohlsson<\/p>\n<p class=\"Text_ef_leadText__ovWYb\">Julen n\u00e4rmar sig, och d\u00e4rmed ocks\u00e5 julmaten. Men hur p\u00e5verkas pl\u00e5nboken i \u00e5r? Sedan november f\u00f6rra \u00e5ret har priserna p\u00e5 typiska livsmedel p\u00e5 julbordet b\u00e5de \u00f6kat och minskat.<\/p>\n<p>Vilka livsmedel har blivit dyrare?<\/p>\n<p>Sedan november 2024 har livsmedelspriserna i genomsnitt \u00f6kat med 3,1 procent, vilket \u00e4r h\u00f6gre \u00e4n den genomsnittliga inflationstakten. Flera klassiska livsmedel p\u00e5 julbordet har dessutom \u00f6kat mer \u00e4n genomsnittet. K\u00f6ttbullar och chokladfudge blir dyrare i \u00e5r, till f\u00f6ljd av att priset p\u00e5 n\u00f6tk\u00f6tt har stigit med omkring 20 procent, medan choklad och sm\u00f6r har blivit cirka 13 respektive 15 procent dyrare. \u00c4ven andra mejeriprodukter, som gr\u00e4dde och h\u00e5rdost, har \u00f6kat i pris j\u00e4mf\u00f6rt med november f\u00f6rra \u00e5ret.<\/p>\n<p>Den st\u00f6rsta pris\u00f6kningen syns f\u00f6r kaffe, d\u00e4r priset steg snabbt under \u00e5rets inledning. Priset p\u00e5 n\u00f6tk\u00f6tt har ocks\u00e5 haft en kontinuerligt stigande utveckling under 2025.<\/p>\n<p>Vilka livsmedel har blivit billigare?<\/p>\n<p>Samtidigt har flera livsmedel som \u00e4r vanliga p\u00e5 julbordet blivit billigare det senaste \u00e5ret. Potatis, fisk, \u00e4gg och h\u00e5rt br\u00f6d har samtliga minskat i pris. Potatis har blivit omkring 11 procent billigare, medan sill har minskat i pris med n\u00e4stan fem procent. Prisniv\u00e5n p\u00e5 drycker som l\u00e4sk, \u00f6l (0-2,7 %) och br\u00e4nnvin har varit relativt of\u00f6r\u00e4ndrad sedan november f\u00f6rra \u00e5ret<\/p>\n<p>Varf\u00f6r f\u00f6r\u00e4ndras priserna?<\/p>\n<p>Att livsmedelspriser f\u00f6r\u00e4ndras beror bland annat p\u00e5 utvecklingen av producentpriser och v\u00e4xelkursen. Producentpriser p\u00e5verkas i sin tur av faktorer som r\u00e5varupriser samt energi- och transportkostnader. Kronans utveckling spelar ocks\u00e5 en viktig roll, eftersom den p\u00e5verkar kostnaden f\u00f6r att importera varor fr\u00e5n andra l\u00e4nder.<\/p>\n<p><img alt=\"Alva Ohlsson, Nationalekonom\" loading=\"lazy\" width=\"185\" height=\"185\" decoding=\"async\" data-nimg=\"1\" class=\"AuthorCard_authorPhoto__Xd0ps\" style=\"color:transparent\"  src=\"\/_next\/image?url=https%3A%2F%2Fwww.ekonomifakta.se%2Fbilder_och_dokument%2Fuyiel2_alva-ohlsson-litenjpg_1227805.html%2Falternates%2FSQUARE_PH%2FAlva%2520Ohlsson%2520-%2520liten.jpg&amp;w=384&amp;q=75\"\/><\/p>\n","protected":false},"excerpt":{"rendered":"Artikel Publicerad 2025-12-15 av Alva Ohlsson Julen n\u00e4rmar sig, och d\u00e4rmed ocks\u00e5 julmaten. Men hur p\u00e5verkas pl\u00e5nboken i&hellip;\n","protected":false},"author":2,"featured_media":106395,"comment_status":"","ping_status":"","sticky":false,"template":"","format":"standard","meta":{"footnotes":""},"categories":[5],"tags":[22,23,26,27,17,21,24,25,28,29,15,16,18,34,31,33,32,30,19,20],"class_list":{"0":"post-106394","1":"post","2":"type-post","3":"status-publish","4":"format-standard","5":"has-post-thumbnail","7":"category-rubriker","8":"tag-breaking-news","9":"tag-breakingnews","10":"tag-featured-news","11":"tag-featurednews","12":"tag-headlines","13":"tag-huvudnyheter","14":"tag-latest-news","15":"tag-latestnews","16":"tag-main-news","17":"tag-mainnews","18":"tag-news","19":"tag-nyheter","20":"tag-rubriker","21":"tag-se","22":"tag-svenska","23":"tag-sverige","24":"tag-sweden","25":"tag-swedish","26":"tag-top-stories","27":"tag-topstories"},"share_on_mastodon":{"url":"https:\/\/pubeurope.com\/@se\/115722643407558697","error":""},"_links":{"self":[{"href":"https:\/\/www.europesays.com\/se\/wp-json\/wp\/v2\/posts\/106394","targetHints":{"allow":["GET"]}}],"collection":[{"href":"https:\/\/www.europesays.com\/se\/wp-json\/wp\/v2\/posts"}],"about":[{"href":"https:\/\/www.europesays.com\/se\/wp-json\/wp\/v2\/types\/post"}],"author":[{"embeddable":true,"href":"https:\/\/www.europesays.com\/se\/wp-json\/wp\/v2\/users\/2"}],"replies":[{"embeddable":true,"href":"https:\/\/www.europesays.com\/se\/wp-json\/wp\/v2\/comments?post=106394"}],"version-history":[{"count":0,"href":"https:\/\/www.europesays.com\/se\/wp-json\/wp\/v2\/posts\/106394\/revisions"}],"wp:featuredmedia":[{"embeddable":true,"href":"https:\/\/www.europesays.com\/se\/wp-json\/wp\/v2\/media\/106395"}],"wp:attachment":[{"href":"https:\/\/www.europesays.com\/se\/wp-json\/wp\/v2\/media?parent=106394"}],"wp:term":[{"taxonomy":"category","embeddable":true,"href":"https:\/\/www.europesays.com\/se\/wp-json\/wp\/v2\/categories?post=106394"},{"taxonomy":"post_tag","embeddable":true,"href":"https:\/\/www.europesays.com\/se\/wp-json\/wp\/v2\/tags?post=106394"}],"curies":[{"name":"wp","href":"https:\/\/api.w.org\/{rel}","templated":true}]}}