{"id":106400,"date":"2025-12-15T08:38:05","date_gmt":"2025-12-15T08:38:05","guid":{"rendered":"https:\/\/www.europesays.com\/se\/106400\/"},"modified":"2025-12-15T08:38:05","modified_gmt":"2025-12-15T08:38:05","slug":"larm-om-valdtakt-mot-flicka-i-centrala-malmo","status":"publish","type":"post","link":"https:\/\/www.europesays.com\/se\/106400\/","title":{"rendered":"Larm om v\u00e5ldt\u00e4kt mot flicka i centrala Malm\u00f6"},"content":{"rendered":"<p>Larmet, som <a href=\"https:\/\/www.aftonbladet.se\/nyheter\/a\/Rr77qd\/aftonbladet-direkt?pinnedEntry=1432938\" rel=\"nofollow noopener\" target=\"_blank\">Aftonbladet <\/a>var f\u00f6rst att rapportera om, kom in p\u00e5 s\u00f6ndagskv\u00e4llen. <\/p>\n<p>\u2013 Vi f\u00e5r ett larm innan midnatt g\u00e4llande att en flicka under 18 \u00e5r utsatts f\u00f6r en v\u00e5ldt\u00e4kt utomhus, s\u00e4ger polisens presstalesperson Nils Norling. <\/p>\n<p>Det ska ha skett utomhus i centrala Malm\u00f6.<\/p>\n<p>\u2013 Vi har antr\u00e4ffat en f\u00f6rmodad brottsplats, S:t Petri kyrka, som vi har sp\u00e4rrat av f\u00f6r en teknisk unders\u00f6kning, s\u00e4ger Nils Norling. <\/p>\n<p>H\u00e4ndelsen utreds som grov v\u00e5ldt\u00e4kt och under m\u00e5ndagsmorgonen var ingen \u00e4nnu gripen.<\/p>\n<p>Artikeln uppdateras.<\/p>\n","protected":false},"excerpt":{"rendered":"Larmet, som Aftonbladet var f\u00f6rst att rapportera om, kom in p\u00e5 s\u00f6ndagskv\u00e4llen. \u2013 Vi f\u00e5r ett larm innan&hellip;\n","protected":false},"author":2,"featured_media":793,"comment_status":"","ping_status":"","sticky":false,"template":"","format":"standard","meta":{"footnotes":""},"categories":[5],"tags":[22,23,26,27,17,21,24,25,28,29,15,16,18,34,31,33,32,30,19,20],"class_list":{"0":"post-106400","1":"post","2":"type-post","3":"status-publish","4":"format-standard","5":"has-post-thumbnail","7":"category-rubriker","8":"tag-breaking-news","9":"tag-breakingnews","10":"tag-featured-news","11":"tag-featurednews","12":"tag-headlines","13":"tag-huvudnyheter","14":"tag-latest-news","15":"tag-latestnews","16":"tag-main-news","17":"tag-mainnews","18":"tag-news","19":"tag-nyheter","20":"tag-rubriker","21":"tag-se","22":"tag-svenska","23":"tag-sverige","24":"tag-sweden","25":"tag-swedish","26":"tag-top-stories","27":"tag-topstories"},"share_on_mastodon":{"url":"https:\/\/pubeurope.com\/@se\/115722682599640715","error":""},"_links":{"self":[{"href":"https:\/\/www.europesays.com\/se\/wp-json\/wp\/v2\/posts\/106400","targetHints":{"allow":["GET"]}}],"collection":[{"href":"https:\/\/www.europesays.com\/se\/wp-json\/wp\/v2\/posts"}],"about":[{"href":"https:\/\/www.europesays.com\/se\/wp-json\/wp\/v2\/types\/post"}],"author":[{"embeddable":true,"href":"https:\/\/www.europesays.com\/se\/wp-json\/wp\/v2\/users\/2"}],"replies":[{"embeddable":true,"href":"https:\/\/www.europesays.com\/se\/wp-json\/wp\/v2\/comments?post=106400"}],"version-history":[{"count":0,"href":"https:\/\/www.europesays.com\/se\/wp-json\/wp\/v2\/posts\/106400\/revisions"}],"wp:featuredmedia":[{"embeddable":true,"href":"https:\/\/www.europesays.com\/se\/wp-json\/wp\/v2\/media\/793"}],"wp:attachment":[{"href":"https:\/\/www.europesays.com\/se\/wp-json\/wp\/v2\/media?parent=106400"}],"wp:term":[{"taxonomy":"category","embeddable":true,"href":"https:\/\/www.europesays.com\/se\/wp-json\/wp\/v2\/categories?post=106400"},{"taxonomy":"post_tag","embeddable":true,"href":"https:\/\/www.europesays.com\/se\/wp-json\/wp\/v2\/tags?post=106400"}],"curies":[{"name":"wp","href":"https:\/\/api.w.org\/{rel}","templated":true}]}}