{"id":106403,"date":"2025-12-15T08:41:05","date_gmt":"2025-12-15T08:41:05","guid":{"rendered":"https:\/\/www.europesays.com\/se\/106403\/"},"modified":"2025-12-15T08:41:05","modified_gmt":"2025-12-15T08:41:05","slug":"juholt-och-af-geijerstam-vantar-barnbarn","status":"publish","type":"post","link":"https:\/\/www.europesays.com\/se\/106403\/","title":{"rendered":"Juholt och af Geijerstam v\u00e4ntar barnbarn"},"content":{"rendered":"<p>Publicerad 15 dec 2025 kl 09.15<\/p>\n<p>H\u00e5kan Juholt och Claes \u201dClabbe\u201d af Geijerstam blir sl\u00e4kt.\u00a0<\/p>\n<p>De v\u00e4ntar n\u00e4mligen barnbarn ihop, ber\u00e4ttar de f\u00f6r <a href=\"https:\/\/www.aftonbladet.se\/nojesbladet\/a\/aJ2xqd\/hakan-juholt-och-claes-clabbe-af-geijerstam-ska-fa-barnbarn\" rel=\"nofollow noopener\" target=\"_blank\">Aftonbladet. <\/a>\u00a0<\/p>\n<p><img   alt=\"\"\/><\/p>\n<p>H\u00e5kan Juholt.<\/p>\n<p>Foto: LISA MATTISSON<\/p>\n<p>\u00d6ppna bild i helsk\u00e4rm<img loading=\"lazy\"   alt=\"\"\/><\/p>\n<p>Claes \u201dClabbe\u201d af Geijerstam.<\/p>\n<p>Foto: Fredrik Sandberg\/TT \/ TT NYHETSBYR\u00c5N<\/p>\n<p>\u00d6ppna bild i helsk\u00e4rm<\/p>\n<p>Den tidigare partiledaren <a href=\"https:\/\/www.expressen.se\/tagg\/person\/hakan-juholt\/\" class=\"\" rel=\"nofollow noopener\" target=\"_blank\">H\u00e5kan Juholt<\/a> och den tidigare \u201dIdol\u201d-jurymedlemmen Claes \u201dClabbe\u201d af Geijerstam g\u00e5r i v\u00e4ntans tider.\u00a0<\/p>\n<p>De ska n\u00e4mligen f\u00e5 ett barnbarn ihop.\u00a0<\/p>\n<p>Juholts son Viktor Juholt och \u201dClabbes\u201d dotter Isabel af Geijerstam \u00e4r n\u00e4mligen ett par och de v\u00e4ntar barn i februari.\u00a0<\/p>\n<p>\u2013 Det h\u00e4r \u00e4r otroligt roligt, det \u00e4r mitt f\u00f6rsta barnbarn s\u00e5 det \u00e4r extremt roligt. Det blir en rej\u00e4l julklapp, s\u00e4ger \u201dClabbe\u201d till Aftonbladet.\u00a0<\/p>\n<p>\u00c4ven H\u00e5kan Juholt ser fram emot att bli farfar.\u00a0<\/p>\n<p>\u2013 Jag \u00e4r s\u00e5 oerh\u00f6rt lycklig f\u00f6r att Isabel och Viktor har tr\u00e4ffat varandra. Hon \u00e4r en s\u00e5 fantastisk och klok tjej. Det \u00e4r j\u00e4ttefint att vi nu blir familj, s\u00e4ger han till Aftonbladet.\u00a0<\/p>\n","protected":false},"excerpt":{"rendered":"Publicerad 15 dec 2025 kl 09.15 H\u00e5kan Juholt och Claes \u201dClabbe\u201d af Geijerstam blir sl\u00e4kt.\u00a0 De v\u00e4ntar n\u00e4mligen&hellip;\n","protected":false},"author":2,"featured_media":106404,"comment_status":"","ping_status":"","sticky":false,"template":"","format":"standard","meta":{"footnotes":""},"categories":[67],"tags":[104,4774,3168,34,31,33,32,30,105],"class_list":{"0":"post-106403","1":"post","2":"type-post","3":"status-publish","4":"format-standard","5":"has-post-thumbnail","7":"category-underhallning","8":"tag-entertainment","9":"tag-organization-idol","10":"tag-person-hakan-juholt","11":"tag-se","12":"tag-svenska","13":"tag-sverige","14":"tag-sweden","15":"tag-swedish","16":"tag-underhallning"},"share_on_mastodon":{"url":"https:\/\/pubeurope.com\/@se\/115722694420210586","error":""},"_links":{"self":[{"href":"https:\/\/www.europesays.com\/se\/wp-json\/wp\/v2\/posts\/106403","targetHints":{"allow":["GET"]}}],"collection":[{"href":"https:\/\/www.europesays.com\/se\/wp-json\/wp\/v2\/posts"}],"about":[{"href":"https:\/\/www.europesays.com\/se\/wp-json\/wp\/v2\/types\/post"}],"author":[{"embeddable":true,"href":"https:\/\/www.europesays.com\/se\/wp-json\/wp\/v2\/users\/2"}],"replies":[{"embeddable":true,"href":"https:\/\/www.europesays.com\/se\/wp-json\/wp\/v2\/comments?post=106403"}],"version-history":[{"count":0,"href":"https:\/\/www.europesays.com\/se\/wp-json\/wp\/v2\/posts\/106403\/revisions"}],"wp:featuredmedia":[{"embeddable":true,"href":"https:\/\/www.europesays.com\/se\/wp-json\/wp\/v2\/media\/106404"}],"wp:attachment":[{"href":"https:\/\/www.europesays.com\/se\/wp-json\/wp\/v2\/media?parent=106403"}],"wp:term":[{"taxonomy":"category","embeddable":true,"href":"https:\/\/www.europesays.com\/se\/wp-json\/wp\/v2\/categories?post=106403"},{"taxonomy":"post_tag","embeddable":true,"href":"https:\/\/www.europesays.com\/se\/wp-json\/wp\/v2\/tags?post=106403"}],"curies":[{"name":"wp","href":"https:\/\/api.w.org\/{rel}","templated":true}]}}