{"id":106407,"date":"2025-12-15T08:44:07","date_gmt":"2025-12-15T08:44:07","guid":{"rendered":"https:\/\/www.europesays.com\/se\/106407\/"},"modified":"2025-12-15T08:44:07","modified_gmt":"2025-12-15T08:44:07","slug":"klart-med-ny-regering-i-tjeckien-andrej-babis-blir-premiarminister","status":"publish","type":"post","link":"https:\/\/www.europesays.com\/se\/106407\/","title":{"rendered":"Klart med ny regering i Tjeckien Andrej Babis blir premi\u00e4rminister"},"content":{"rendered":"<p>Ano blev st\u00f6rsta parti \u00e4ven i valet 2021, men lyckades d\u00e5 inte bilda regering.<\/p>\n<p>Andrej Babis s\u00e5gs tidigare som liberal, men har flyttat sitt parti Ano (\u201dJa\u201d p\u00e5 tjeckiska) allt l\u00e4ngre ut till h\u00f6ger.<\/p>\n<p>Babis har anammat en \u201dTjeckien f\u00f6rst\u201d-h\u00e5llning som \u00e4r inspirerad av USA:s president Donald Trump. Han har ocks\u00e5 en v\u00e4nskaplig relation med Ungerns premi\u00e4rminister Viktor Orb\u00e1n och Slovakiens Robert Fico \u2013 som b\u00e4gge st\u00e5r betydligt n\u00e4rmare Rysslands Vladimir Putin \u00e4n m\u00e5nga andra europeiska ledare.<\/p>\n<p>Ut\u00f6ver stoppat milit\u00e4rt st\u00f6d till Ukraina vill Babis \u00e4ven sk\u00e4ra ned p\u00e5 EU:s kamp mot klimatkrisen.<\/p>\n","protected":false},"excerpt":{"rendered":"Ano blev st\u00f6rsta parti \u00e4ven i valet 2021, men lyckades d\u00e5 inte bilda regering. Andrej Babis s\u00e5gs tidigare&hellip;\n","protected":false},"author":2,"featured_media":793,"comment_status":"","ping_status":"","sticky":false,"template":"","format":"standard","meta":{"footnotes":""},"categories":[14],"tags":[22,23,26,27,17,21,24,25,28,29,15,16,18,34,31,33,32,30,19,20,51,52,53,54],"class_list":{"0":"post-106407","1":"post","2":"type-post","3":"status-publish","4":"format-standard","5":"has-post-thumbnail","7":"category-varlden","8":"tag-breaking-news","9":"tag-breakingnews","10":"tag-featured-news","11":"tag-featurednews","12":"tag-headlines","13":"tag-huvudnyheter","14":"tag-latest-news","15":"tag-latestnews","16":"tag-main-news","17":"tag-mainnews","18":"tag-news","19":"tag-nyheter","20":"tag-rubriker","21":"tag-se","22":"tag-svenska","23":"tag-sverige","24":"tag-sweden","25":"tag-swedish","26":"tag-top-stories","27":"tag-topstories","28":"tag-varlden","29":"tag-world","30":"tag-world-news","31":"tag-worldnews"},"share_on_mastodon":{"url":"https:\/\/pubeurope.com\/@se\/115722706220362245","error":""},"_links":{"self":[{"href":"https:\/\/www.europesays.com\/se\/wp-json\/wp\/v2\/posts\/106407","targetHints":{"allow":["GET"]}}],"collection":[{"href":"https:\/\/www.europesays.com\/se\/wp-json\/wp\/v2\/posts"}],"about":[{"href":"https:\/\/www.europesays.com\/se\/wp-json\/wp\/v2\/types\/post"}],"author":[{"embeddable":true,"href":"https:\/\/www.europesays.com\/se\/wp-json\/wp\/v2\/users\/2"}],"replies":[{"embeddable":true,"href":"https:\/\/www.europesays.com\/se\/wp-json\/wp\/v2\/comments?post=106407"}],"version-history":[{"count":0,"href":"https:\/\/www.europesays.com\/se\/wp-json\/wp\/v2\/posts\/106407\/revisions"}],"wp:featuredmedia":[{"embeddable":true,"href":"https:\/\/www.europesays.com\/se\/wp-json\/wp\/v2\/media\/793"}],"wp:attachment":[{"href":"https:\/\/www.europesays.com\/se\/wp-json\/wp\/v2\/media?parent=106407"}],"wp:term":[{"taxonomy":"category","embeddable":true,"href":"https:\/\/www.europesays.com\/se\/wp-json\/wp\/v2\/categories?post=106407"},{"taxonomy":"post_tag","embeddable":true,"href":"https:\/\/www.europesays.com\/se\/wp-json\/wp\/v2\/tags?post=106407"}],"curies":[{"name":"wp","href":"https:\/\/api.w.org\/{rel}","templated":true}]}}