{"id":106408,"date":"2025-12-15T08:45:08","date_gmt":"2025-12-15T08:45:08","guid":{"rendered":"https:\/\/www.europesays.com\/se\/106408\/"},"modified":"2025-12-15T08:45:08","modified_gmt":"2025-12-15T08:45:08","slug":"agrivoltaik-pekas-ut-som-mojlig-dubbel-anvandning-av-mark","status":"publish","type":"post","link":"https:\/\/www.europesays.com\/se\/106408\/","title":{"rendered":"Agrivoltaik pekas ut som m\u00f6jlig dubbel anv\u00e4ndning av mark"},"content":{"rendered":"<p><strong>Agrivoltaiska system, d\u00e4r solpaneler och jordbruk delar samma mark, pekas enligt ny forskning p\u00e5 M\u00e4lardalens universitet (MDU) ut som ett av de mest lovande s\u00e4tten att f\u00f6rena livsmedelsproduktion och f\u00f6rnybar energi. Och nu v\u00e4xer intresset i Sverige.<\/strong><\/p>\n<p>Traditionellt har solcellsparker och jordbruk konkurrerat om tillg\u00e5ngen till mark. Men i ettagrivoltaiskt system \u00e4r solpanelerna monterade p\u00e5 speciella st\u00f6dstrukturer som g\u00f6r det m\u00f6jligt f\u00f6r maskiner att bearbeta och f\u00f6r luft och regn att n\u00e5 jorden. Det inneb\u00e4r att samma hektar mark kan producera b\u00e5de mat och elektricitet.<\/p>\n<p>\u201dMarken beh\u00f6ver inte anv\u00e4ndas antingen till solceller eller till odling. Den kan anv\u00e4ndas till b\u00e5da\u201d, s\u00e4ger Pietro Campana, universitetslektor p\u00e5 avdelningen f\u00f6r h\u00e5llbara energisystem p\u00e5 MDU och en av forskarna bakom studien.<\/p>\n<p><strong>Kan passa svenskt klimat \u2013 b\u00e4ttre \u00e4n man tror<\/strong><\/p>\n<p>I l\u00e4nder med stark solinstr\u00e5lning gynnar skuggan fr\u00e5n panelerna gr\u00f6dorna. \u00c4ven i Sverige kan det vara en f\u00f6rdel. Flera gr\u00f6dor, som potatis, sallat, spannm\u00e5l och b\u00e4r, t\u00e5l eller gynnas av viss skuggning \u2013 s\u00e4rskilt under varma somrar och vid torka. Skuggningen kan ocks\u00e5 minska stress hos v\u00e4xterna, bevara markfukt och kr\u00e4va mindre bevattning.<\/p>\n<p>\u201dDet \u00e4r s\u00e4rskilt relevant i Sverige, d\u00e4r klimatf\u00f6r\u00e4ndringar inneb\u00e4r torrare somrar, fler v\u00e4rmeb\u00f6ljor och st\u00f6rre variation i v\u00e4der\u201d, s\u00e4ger Pietro Campana.<\/p>\n<p><strong>Stor energipotential \u2013 utan att ta mer mark<\/strong><\/p>\n<p>Enligt studien kan agrivoltaiska system globalt generera enorma m\u00e4ngder energi \u2013 vilket minskar konflikter med jordbruksproduktionen samtidigt som synergier utnyttjas. Om tekniken skalas upp i Norden ber\u00e4knas den kunna bidra b\u00e5de till elektrifieringen av samh\u00e4llet och m\u00e5len om fossilfri energi.<\/p>\n<p><strong>F\u00f6r svenska lantbrukare kan modellen inneb\u00e4ra:<\/strong><\/p>\n<p><strong>Standarder saknas \u2013 men intresset \u00f6kar<\/strong><\/p>\n<p>Men trots lovande resultat \u00e5terst\u00e5r hinder. Agrivoltaiska installationer \u00e4r ofta dyrare att bygga, och det saknas \u00e4nnu standarder och svenska riktlinjer f\u00f6r hur marken ska klassas: \u00e4r det fortfarande jordbruk \u2013 eller energimark? Dessutom kr\u00e4vs mer forskning om vilka gr\u00f6dor, panelh\u00f6jder och system som passar v\u00e5ra nordiska f\u00f6rh\u00e5llanden b\u00e4st. Sist men inte minst hindras den st\u00f6rsta potentialen n\u00e4r det g\u00e4ller elproduktion av problem som r\u00f6r n\u00e4rhet till tillg\u00e4ngliga kraftledningar och tillg\u00e4nglig n\u00e4tkapacitet.<\/p>\n<p>Intresset \u00f6kar dock snabbt. I flera europeiska l\u00e4nder har tekniken redan tagit fart, och i Sverige testas den i begr\u00e4nsad skala. Forskarna bakom studien menar att Sverige har ovanligt goda f\u00f6ruts\u00e4ttningar f\u00f6r agrivoltaik p\u00e5 grund av l\u00e5g livsmedelssj\u00e4lvf\u00f6rs\u00f6rjning och h\u00f6ga m\u00e5l f\u00f6r f\u00f6rnybar energi och elektrifiering.<\/p>\n<p>\u201dTekniken kan bli ett viktigt verktyg i omst\u00e4llningen mot ett h\u00e5llbart och robust samh\u00e4lle, genom att tillhandah\u00e5lla decentraliserad energif\u00f6rs\u00f6rjning och st\u00f6dja landsbygdsomr\u00e5den\u201d, s\u00e4ger Pietro Campana.<\/p>\n<p>Studien, \u201cScientific frontiers of agrivoltaic cropping systems\u201d, publicerades nyligen i den prestigefyllda tidskriften Nature Reviews Clean Tehnology.<\/p>\n<p>K\u00e4lla: M\u00e4lardalens universitet<\/p>\n","protected":false},"excerpt":{"rendered":"Agrivoltaiska system, d\u00e4r solpaneler och jordbruk delar samma mark, pekas enligt ny forskning p\u00e5 M\u00e4lardalens universitet (MDU) ut&hellip;\n","protected":false},"author":2,"featured_media":106409,"comment_status":"","ping_status":"","sticky":false,"template":"","format":"standard","meta":{"footnotes":""},"categories":[12],"tags":[22,23,26,27,17,21,24,25,28,29,15,16,18,34,31,33,32,30,19,20],"class_list":{"0":"post-106408","1":"post","2":"type-post","3":"status-publish","4":"format-standard","5":"has-post-thumbnail","7":"category-sverige","8":"tag-breaking-news","9":"tag-breakingnews","10":"tag-featured-news","11":"tag-featurednews","12":"tag-headlines","13":"tag-huvudnyheter","14":"tag-latest-news","15":"tag-latestnews","16":"tag-main-news","17":"tag-mainnews","18":"tag-news","19":"tag-nyheter","20":"tag-rubriker","21":"tag-se","22":"tag-svenska","23":"tag-sverige","24":"tag-sweden","25":"tag-swedish","26":"tag-top-stories","27":"tag-topstories"},"share_on_mastodon":{"url":"https:\/\/pubeurope.com\/@se\/115722710169811148","error":""},"_links":{"self":[{"href":"https:\/\/www.europesays.com\/se\/wp-json\/wp\/v2\/posts\/106408","targetHints":{"allow":["GET"]}}],"collection":[{"href":"https:\/\/www.europesays.com\/se\/wp-json\/wp\/v2\/posts"}],"about":[{"href":"https:\/\/www.europesays.com\/se\/wp-json\/wp\/v2\/types\/post"}],"author":[{"embeddable":true,"href":"https:\/\/www.europesays.com\/se\/wp-json\/wp\/v2\/users\/2"}],"replies":[{"embeddable":true,"href":"https:\/\/www.europesays.com\/se\/wp-json\/wp\/v2\/comments?post=106408"}],"version-history":[{"count":0,"href":"https:\/\/www.europesays.com\/se\/wp-json\/wp\/v2\/posts\/106408\/revisions"}],"wp:featuredmedia":[{"embeddable":true,"href":"https:\/\/www.europesays.com\/se\/wp-json\/wp\/v2\/media\/106409"}],"wp:attachment":[{"href":"https:\/\/www.europesays.com\/se\/wp-json\/wp\/v2\/media?parent=106408"}],"wp:term":[{"taxonomy":"category","embeddable":true,"href":"https:\/\/www.europesays.com\/se\/wp-json\/wp\/v2\/categories?post=106408"},{"taxonomy":"post_tag","embeddable":true,"href":"https:\/\/www.europesays.com\/se\/wp-json\/wp\/v2\/tags?post=106408"}],"curies":[{"name":"wp","href":"https:\/\/api.w.org\/{rel}","templated":true}]}}