{"id":106410,"date":"2025-12-15T08:46:12","date_gmt":"2025-12-15T08:46:12","guid":{"rendered":"https:\/\/www.europesays.com\/se\/106410\/"},"modified":"2025-12-15T08:46:12","modified_gmt":"2025-12-15T08:46:12","slug":"sa-skyddar-du-din-forskning-mot-spioneri","status":"publish","type":"post","link":"https:\/\/www.europesays.com\/se\/106410\/","title":{"rendered":"S\u00e5 skyddar du din forskning mot spioneri"},"content":{"rendered":"<p>Robert Limmerg\u00e5rd anser att s\u00e4kerhet i f\u00f6rsta hand \u00e4r en kulturfr\u00e5ga.<br \/>\u2013 Jag skulle s\u00e4ga att den nog mer \u00e4r en m\u00e4nsklig fr\u00e5ga \u00e4n en teknisk fr\u00e5ga, som skydd mot dataintr\u00e5ng. Det handlar tyv\u00e4rr om det h\u00e4r tr\u00e5kiga med medvetenhet och rutiner. F\u00f6retag, l\u00e4ros\u00e4ten, forskare\u202f\u2013\u202falla beh\u00f6ver g\u00f6ra en riskinventering. Man beh\u00f6ver bed\u00f6ma och v\u00e4rdera risker, man beh\u00f6ver fundera p\u00e5 vilken information man delar, och s\u00e5 vidare. S\u00e5 det \u00e4r en kulturfr\u00e5ga och en fr\u00e5ga om s\u00e4kerhetsmedvetenhet, s\u00e4ger han.<\/p>\n<p><strong>Hans r\u00e5d \u00e4r<\/strong> att st\u00e4rka den kollektiva medvetenheten.<br \/>\u2013 Om vi v\u00e5gar prata om problemet s\u00e5 kan vi dela erfarenheter och d\u00e5 kan vi dela exempel. Och det kan vi g\u00f6ra mellan oss, f\u00f6retag, forskare och myndigheter. D\u00e5 h\u00f6jer vi kunskapsniv\u00e5n. Men sedan tror jag ocks\u00e5 att man tyv\u00e4rr beh\u00f6ver l\u00e4gga mera resurser p\u00e5 s\u00e5dana h\u00e4r fr\u00e5gor. N\u00e5gon m\u00e5ste arbeta med dem och det tar tid, och tid kostar.<\/p>\n<p>Robert Limmerg\u00e5rd menar att mycket handlar om att hitta samarbetsformer mellan olika akt\u00f6rer och myndigheter. <br \/>\u2013 En s\u00e5dan sak \u00e4r hur man samverkar mellan l\u00e4ros\u00e4ten och migrationsverk och underr\u00e4ttelsemyndigheter n\u00e4r det g\u00e4ller vissa visumans\u00f6kningar och liknande, som man beh\u00f6ver hantera f\u00f6r att tidigt f\u00e5nga upp s\u00e4kerhetsrisker. Exempelvis \u00e4r det en hel del forskare som medvetet planteras in i v\u00e5ra forskningsmilj\u00f6er i unga \u00e5r. Allts\u00e5, de kommer inte som doktorander, utan de kommer redan som studenter, s\u00e4ger han.<\/p>\n<p>Det s\u00e4ttet att t\u00e4nka \u00e4r n\u00e5got som Robert Limmerg\u00e5rd anser att man beh\u00f6ver f\u00e5 in i diskussionen \u00e4ven mellan kollegor.<\/p>\n<p><strong>Ska man hela tiden ha en liten misstanke om att min internationella kollega nog inte \u00e4r riktigt p\u00e5litlig?<\/strong><br \/>\u2013 Nej, men vi m\u00e5ste kunna hantera tv\u00e5 tankar i huvudet samtidigt. Det vill s\u00e4ga vi ska inte misst\u00e4nkligg\u00f6ra n\u00e5gon, men vi ska v\u00e5ga se att det finns akt\u00f6rer som \u00e4r ute efter att sabotera eller p\u00e5verka eller stj\u00e4la information. Jag tror att s\u00e4kerhetsmedvetenheten inneb\u00e4r att vi m\u00e5ste f\u00f6rst\u00e5 att det finns \u00e4ven onda akt\u00f6rer i v\u00e5ra milj\u00f6er, s\u00e4ger Robert Limmerg\u00e5rd.<\/p>\n<p>Men det h\u00e4r m\u00e5ste avv\u00e4gas mot en \u00f6ppenhet mot det internationella forskarsamfundet.<br \/>\u2013 Det \u00e4r en balans d\u00e4r \u00f6ppenheten \u00e4r viktig f\u00f6r v\u00e5r konkurrenskraft, f\u00f6r v\u00e5ra innovationer och f\u00f6r att hitta p\u00e5 nya l\u00f6sningar som g\u00f6r samh\u00e4llet b\u00e4ttre. Men tyv\u00e4rr s\u00e5 \u00e4r det just behovet av att hantera det h\u00e4r hotet mot forskning som g\u00f6r att vi inte bara kan vara \u00f6ppna, utan vi m\u00e5ste balansera \u00f6ppenheten mot s\u00e4kerhet p\u00e5 ett annat s\u00e4tt i\u202fdag \u00e4n vad vi gjorde f\u00f6r bara fem \u00e5r sedan, s\u00e4ger Robert Limmerg\u00e5rd.\u00a0<\/p>\n","protected":false},"excerpt":{"rendered":"Robert Limmerg\u00e5rd anser att s\u00e4kerhet i f\u00f6rsta hand \u00e4r en kulturfr\u00e5ga.\u2013 Jag skulle s\u00e4ga att den nog mer&hellip;\n","protected":false},"author":2,"featured_media":106411,"comment_status":"","ping_status":"","sticky":false,"template":"","format":"standard","meta":{"footnotes":""},"categories":[5],"tags":[22,23,26,27,632,17,21,24,25,28,29,15,16,18,3698,34,31,33,32,30,19,20],"class_list":{"0":"post-106410","1":"post","2":"type-post","3":"status-publish","4":"format-standard","5":"has-post-thumbnail","7":"category-rubriker","8":"tag-breaking-news","9":"tag-breakingnews","10":"tag-featured-news","11":"tag-featurednews","12":"tag-forskning","13":"tag-headlines","14":"tag-huvudnyheter","15":"tag-latest-news","16":"tag-latestnews","17":"tag-main-news","18":"tag-mainnews","19":"tag-news","20":"tag-nyheter","21":"tag-rubriker","22":"tag-sakerhet","23":"tag-se","24":"tag-svenska","25":"tag-sverige","26":"tag-sweden","27":"tag-swedish","28":"tag-top-stories","29":"tag-topstories"},"share_on_mastodon":{"url":"https:\/\/pubeurope.com\/@se\/115722714023149110","error":""},"_links":{"self":[{"href":"https:\/\/www.europesays.com\/se\/wp-json\/wp\/v2\/posts\/106410","targetHints":{"allow":["GET"]}}],"collection":[{"href":"https:\/\/www.europesays.com\/se\/wp-json\/wp\/v2\/posts"}],"about":[{"href":"https:\/\/www.europesays.com\/se\/wp-json\/wp\/v2\/types\/post"}],"author":[{"embeddable":true,"href":"https:\/\/www.europesays.com\/se\/wp-json\/wp\/v2\/users\/2"}],"replies":[{"embeddable":true,"href":"https:\/\/www.europesays.com\/se\/wp-json\/wp\/v2\/comments?post=106410"}],"version-history":[{"count":0,"href":"https:\/\/www.europesays.com\/se\/wp-json\/wp\/v2\/posts\/106410\/revisions"}],"wp:featuredmedia":[{"embeddable":true,"href":"https:\/\/www.europesays.com\/se\/wp-json\/wp\/v2\/media\/106411"}],"wp:attachment":[{"href":"https:\/\/www.europesays.com\/se\/wp-json\/wp\/v2\/media?parent=106410"}],"wp:term":[{"taxonomy":"category","embeddable":true,"href":"https:\/\/www.europesays.com\/se\/wp-json\/wp\/v2\/categories?post=106410"},{"taxonomy":"post_tag","embeddable":true,"href":"https:\/\/www.europesays.com\/se\/wp-json\/wp\/v2\/tags?post=106410"}],"curies":[{"name":"wp","href":"https:\/\/api.w.org\/{rel}","templated":true}]}}