{"id":106418,"date":"2025-12-15T08:53:10","date_gmt":"2025-12-15T08:53:10","guid":{"rendered":"https:\/\/www.europesays.com\/se\/106418\/"},"modified":"2025-12-15T08:53:10","modified_gmt":"2025-12-15T08:53:10","slug":"medforskare-ger-nya-fragor-och-svar","status":"publish","type":"post","link":"https:\/\/www.europesays.com\/se\/106418\/","title":{"rendered":"Medforskare ger nya fr\u00e5gor och svar"},"content":{"rendered":"<p><strong>I l\u00e4nder som<\/strong> till exempel Kanada, USA, Australien och Storbritannien har det blivit allt vanligare att involvera medforskare eller forskningspartner i forskningsprojekt. De senaste \u00e5ren har det \u00e4ven blivit vanligare i Sverige.<\/p>\n<p>Jana Bergholtz konstaterar att om forskare f\u00e5r medel f\u00f6r forskning inom h\u00e4lsa och medicin s\u00e5 ska det leda till att h\u00e4lsan i samh\u00e4llet blir b\u00e4ttre. D\u00e5 \u00e4r det viktigt att allm\u00e4nheten ska k\u00e4nna att de litar p\u00e5 forskningen, att forskningen \u00e4r transparent. Hon flikar in att det finns mycket underm\u00e5lig forskning, inte minst sedan AI kom in i bilden.<\/p>\n<p>Jana Bergholtz n\u00e4mner Helsingforsdeklarationen som inneh\u00e5ller grundl\u00e4ggande etiska principer f\u00f6r medicinsk forskning p\u00e5 m\u00e4nniskor. En uppdatering av deklarationen antogs f\u00f6rra \u00e5ret. I skrivningen om potentiella deltagare i forskning \u00e4ndrades det engelska ordet subject till participants, fr\u00e5n att handla om forskningssubjekt till att ben\u00e4mna det forskningsdeltagare. Ett stycke om att potentiella deltagare ska involveras, \u00e4ven under forskningens g\u00e5ng, har dessutom lagts till.<\/p>\n<p><strong>Det finns ocks\u00e5<\/strong> ett tryck fr\u00e5n forskningsfinansi\u00e4rer, s\u00e4rskilt p\u00e5 europeisk niv\u00e5, att de vill att patienter \u00e4r med redan i ans\u00f6kningsprocessen och formulerar forskningsfr\u00e5gor tillsammans med forskare, f\u00f6rklarar Jana Bergholtz.<br \/>\u2013 Vanligtvis identifierar man forskningsfr\u00e5gor f\u00f6rst och unders\u00f6ker vad det finns f\u00f6r forskning sedan tidigare. N\u00e4r man v\u00e4l har planerat en studie, d\u00e5 kan patienter bidra med insikter som g\u00f6r forskningen \u00e4nnu mer nyttig f\u00f6r anv\u00e4ndarna. Under analysen och under skrivarbetet varierar behovet av patientmedverkan beroende p\u00e5 studiens karakt\u00e4r, men n\u00e4r det g\u00e4ller att sprida resultat sprids forskningen mycket bredare om patienten \u00e4r med, s\u00e4ger Jana Bergholtz och stryker under att medforskare ocks\u00e5 kan hj\u00e4lpa till med rekrytering av nya deltagare i forskningsstudier.<\/p>\n<p>Hon \u00e4r ocks\u00e5 \u00f6vertygad om att ifall patientf\u00f6retr\u00e4dare utbildas p\u00e5 r\u00e4tt s\u00e4tt, d\u00e5 kan de \u00e4ven vara till hj\u00e4lp f\u00f6r att debattera och ifr\u00e5gas\u00e4tta i till exempel en online-community. De tankarna h\u00f6r ihop med vad Jana Bergholtz tror beh\u00f6vs n\u00e4r en kris kommer. Det g\u00e4ller att skapa partnerskap och strukturer, processer som leder till att vi som samh\u00e4lle \u00e4r f\u00f6rberedda. <br \/>\u2013 Om vi har etablerade strukturer och involverar exempelvis strokepatienter i forskningen, d\u00e5 kan forskare kommunicera direkt med patientorganisationen om ett nytt virus. Strokepatienter och patientorganisationen kan d\u00e5 sprida informationen till dem som beh\u00f6ver den.<\/p>\n<p><strong>Jana Bergholtz p\u00e5pekar<\/strong> att det finns hinder, administrativa s\u00e5dana som hur l\u00e4nge medforskarna kan engageras och hur de ska ers\u00e4ttas ekonomiskt. Tid \u00e4r ett annat hinder.<\/p>\n<p>GPCC har rundat n\u00e5gra av hindren genom tydliga riktlinjer och rutiner f\u00f6r arvodering och f\u00f6rs\u00e4kring. De har ocks\u00e5 tagit fram ett formul\u00e4r med en uppdragsbeskrivning som ska hj\u00e4lpa forskare att involvera medforskare. Vilka praktiska saker beh\u00f6ver man t\u00e4nka p\u00e5? <br \/>\u2013 Det \u00e4r ocks\u00e5 sv\u00e5rt att hitta patientf\u00f6retr\u00e4dare som \u00e4r utbildade och som kan prata f\u00f6r en hel grupp och inte bara om sina egna problem. Det g\u00e4ller att de kan f\u00f6rmedla \u00e4ven andras problem till forskarna, s\u00e4ger Jana Bergholtz.<\/p>\n<p><strong>Hon drabbades sj\u00e4lv<\/strong> av en hj\u00e4rnbl\u00f6dning i januari 2017 och arbetar numera vid GU som forskare och patientf\u00f6retr\u00e4dare. <br \/>\u2013 Jag hj\u00e4lper forskare att definiera roller och jag hj\u00e4lper patientf\u00f6retr\u00e4dare n\u00e4r de har fr\u00e5gor kring till exempel rutiner. Om det blir vanligare med medforskare i framtiden, ja det beror p\u00e5 politiken. Blir det fokus p\u00e5 demokrati i v\u00e4rlden, d\u00e5 blir det vanligare.\u00a0<\/p>\n","protected":false},"excerpt":{"rendered":"I l\u00e4nder som till exempel Kanada, USA, Australien och Storbritannien har det blivit allt vanligare att involvera medforskare&hellip;\n","protected":false},"author":2,"featured_media":106419,"comment_status":"","ping_status":"","sticky":false,"template":"","format":"standard","meta":{"footnotes":""},"categories":[12],"tags":[22,23,26,27,632,17,21,24,25,28,29,15,16,18,11904,34,31,33,32,30,19,20],"class_list":{"0":"post-106418","1":"post","2":"type-post","3":"status-publish","4":"format-standard","5":"has-post-thumbnail","7":"category-sverige","8":"tag-breaking-news","9":"tag-breakingnews","10":"tag-featured-news","11":"tag-featurednews","12":"tag-forskning","13":"tag-headlines","14":"tag-huvudnyheter","15":"tag-latest-news","16":"tag-latestnews","17":"tag-main-news","18":"tag-mainnews","19":"tag-news","20":"tag-nyheter","21":"tag-rubriker","22":"tag-samverkan","23":"tag-se","24":"tag-svenska","25":"tag-sverige","26":"tag-sweden","27":"tag-swedish","28":"tag-top-stories","29":"tag-topstories"},"share_on_mastodon":{"url":"https:\/\/pubeurope.com\/@se\/115722741738460383","error":""},"_links":{"self":[{"href":"https:\/\/www.europesays.com\/se\/wp-json\/wp\/v2\/posts\/106418","targetHints":{"allow":["GET"]}}],"collection":[{"href":"https:\/\/www.europesays.com\/se\/wp-json\/wp\/v2\/posts"}],"about":[{"href":"https:\/\/www.europesays.com\/se\/wp-json\/wp\/v2\/types\/post"}],"author":[{"embeddable":true,"href":"https:\/\/www.europesays.com\/se\/wp-json\/wp\/v2\/users\/2"}],"replies":[{"embeddable":true,"href":"https:\/\/www.europesays.com\/se\/wp-json\/wp\/v2\/comments?post=106418"}],"version-history":[{"count":0,"href":"https:\/\/www.europesays.com\/se\/wp-json\/wp\/v2\/posts\/106418\/revisions"}],"wp:featuredmedia":[{"embeddable":true,"href":"https:\/\/www.europesays.com\/se\/wp-json\/wp\/v2\/media\/106419"}],"wp:attachment":[{"href":"https:\/\/www.europesays.com\/se\/wp-json\/wp\/v2\/media?parent=106418"}],"wp:term":[{"taxonomy":"category","embeddable":true,"href":"https:\/\/www.europesays.com\/se\/wp-json\/wp\/v2\/categories?post=106418"},{"taxonomy":"post_tag","embeddable":true,"href":"https:\/\/www.europesays.com\/se\/wp-json\/wp\/v2\/tags?post=106418"}],"curies":[{"name":"wp","href":"https:\/\/api.w.org\/{rel}","templated":true}]}}