{"id":106420,"date":"2025-12-15T08:54:24","date_gmt":"2025-12-15T08:54:24","guid":{"rendered":"https:\/\/www.europesays.com\/se\/106420\/"},"modified":"2025-12-15T08:54:24","modified_gmt":"2025-12-15T08:54:24","slug":"helena-bergstrom-laser-nyarsklockan-i-svt","status":"publish","type":"post","link":"https:\/\/www.europesays.com\/se\/106420\/","title":{"rendered":"Helena Bergstr\u00f6m l\u00e4ser Ny\u00e5rsklockan i SVT"},"content":{"rendered":"<p>\u201dKan g\u00f6ra den p\u00e5 ett lite annat s\u00e4tt\u201d<a data-test-tag=\"internal-link\" href=\"https:\/\/www.aftonbladet.se\/av\/felix-wilow\" class=\"hyperion-css-13ns1rr\" rel=\"nofollow noopener\" target=\"\" aria-label=\"Se alla artiklar av Felix Wilow\"><img decoding=\"async\" class=\"image-asset hyperion-css-n6kkq1\" data-test-tag=\"image-asset\" src=\"https:\/\/www.europesays.com\/se\/wp-content\/uploads\/2025\/12\/1765788863_796_05c04d15-efb0-4d10-a1fe-6c828d09291f\"  alt=\"\"  loading=\"lazy\" fetchpriority=\"auto\" style=\"aspect-ratio:1900 \/ 1900\"\/><\/a><\/p>\n<p class=\"boxtextgrotesk-root_baa6 hyperion-css-7pajle\">Uppdaterad 09.16 | Publicerad 08.18<\/p>\n<p>share-arrowDela<\/p>\n<p>unsaveSpara<\/p>\n<p>expand-left<\/p>\n<p>helsk\u00e4rm<img decoding=\"async\" class=\"image-asset hyperion-css-u06ts1\" data-test-tag=\"image-asset\" src=\"https:\/\/www.europesays.com\/se\/wp-content\/uploads\/2025\/12\/51b7d461-3138-4e50-91a3-6ec76bfdc6a6\"  alt=\"Helena Bergstr\u00f6m l\u00e4ser Lord Tennysons dikt &quot;Ny\u00e5rskockan&quot; och Linnea Wikblad och Andr\u00e9 Pops \u00e4r programledare f\u00f6r Tolvslaget p\u00e5 Skansen.\"  loading=\"eager\" fetchpriority=\"high\" style=\"aspect-ratio:1900 \/ 1267\"\/>Helena Bergstr\u00f6m l\u00e4ser Lord Tennysons dikt &#8221;Ny\u00e5rskockan&#8221; och Linnea Wikblad och Andr\u00e9 Pops \u00e4r programledare f\u00f6r Tolvslaget p\u00e5 Skansen. Foto: Janne Danielsson\/SVT<\/p>\n<p class=\"hyperion-css-1shl3oz\" data-test-tag=\"lead-text\">Ring, klocka, ring!<\/p>\n<p class=\"hyperion-css-1shl3oz\" data-test-tag=\"lead-text\">De bevingade orden kommer i \u00e5r att l\u00e4sas av sk\u00e5despelaren Helena Bergstr\u00f6m.<\/p>\n<p class=\"hyperion-css-1shl3oz\" data-test-tag=\"lead-text\">\u2013 Det k\u00e4nns v\u00e4ldigt \u00e4rofyllt, s\u00e4ger hon i Morgonstudion.<\/p>\n<p class=\"hyperion-css-1v9qo5x\">Sk\u00e5despelaren <a data-test-tag=\"internal-link\" href=\"https:\/\/www.aftonbladet.se\/tagg\/helena-bergstrom\" class=\"hyperion-css-15jkft9\" rel=\"nofollow noopener\" target=\"\" theme=\"entertainment\"><strong>Helena Bergstr\u00f6m<\/strong><\/a> kommer att l\u00e4sa &#8221;Ny\u00e5rsklockan&#8221; och ringa in det nya \u00e5ret i SVT.<\/p>\n<p class=\"hyperion-css-1v9qo5x\">I SVT:s \u201dMorgonstudion\u201d ber\u00e4ttar hon att det k\u00e4nns b\u00e5de \u00e4rofyllt och viktigt, s\u00e4rskilt i oroliga tider.<\/p>\n<p class=\"hyperion-css-1v9qo5x\">\u2013 D\u00e4rf\u00f6r pratade jag ocks\u00e5 med produktionen om vi kan g\u00f6ra den p\u00e5 ett lite annat s\u00e4tt, men jag kommer inte s\u00e4ga hur, s\u00e4ger hon.<\/p>\n<p class=\"hyperion-css-1v9qo5x\">Hon har \u00e4ven en speciell relation till ny\u00e5rsdikten. Mellan \u00e5r 1947 och 1955 var det n\u00e4mligen hennes morfar <strong>Olof Widgren<\/strong> som ringde in det nya \u00e5ret fr\u00e5n Skansens scen.<\/p>\n<p class=\"hyperion-css-1v9qo5x\">\u2013 Hans barnbarn kommer att l\u00e4sa den p\u00e5 ett helt annat s\u00e4tt.<\/p>\n<p class=\"hyperion-css-1v9qo5x\"><strong>\u202fJohan Granstr\u00f6ms\u00a0<\/strong>orkester\u00a0ackompanjerar de medverkande artisterna som f\u00f6rutom\u00a0<strong>Tommy K\u00f6rberg<\/strong>,\u00a0<strong>Charlotte Perelli<\/strong>\u00a0och\u00a0<strong>Greczula\u00a0<\/strong>ocks\u00e5 best\u00e5r av\u00a0<strong>Fanny Avonne<\/strong>\u00a0och\u00a0<strong>Tensta Joyful Noise<\/strong>. <\/p>\n<p class=\"hyperion-css-1v9qo5x\">Kv\u00e4llen kommer att programledas av <a data-test-tag=\"internal-link\" href=\"https:\/\/www.aftonbladet.se\/tagg\/andre-pops\" class=\"hyperion-css-15jkft9\" rel=\"nofollow noopener\" target=\"\" theme=\"entertainment\"><strong>Andr\u00e9 Pops<\/strong><\/a><strong> <\/strong>och<strong> Linnea Wikblad.<\/strong><\/p>\n<p>expand-left<\/p>\n<p>helsk\u00e4rm<img decoding=\"async\" class=\"image-asset hyperion-css-u06ts1\" data-test-tag=\"image-asset\" src=\"https:\/\/www.europesays.com\/se\/wp-content\/uploads\/2025\/12\/eeb7e98f-b5b6-41df-82ef-3fa317b675a6\"  alt=\"Andr\u00e9 Pops \u00e4r programledare och Helena Bergstr\u00f6m l\u00e4ser Ny\u00e5rsklockan.\"  loading=\"eager\" fetchpriority=\"high\" style=\"aspect-ratio:1280 \/ 720\"\/>Andr\u00e9 Pops \u00e4r programledare och Helena Bergstr\u00f6m l\u00e4ser Ny\u00e5rsklockan. Foto: SVTFAKTADe har l\u00e4st Ny\u00e5rsklockan de senaste tio \u00e5ren<\/p>\n<ul class=\"hyperion-css-e9gx76\" data-test-tag=\"list\">\n<li class=\"hyperion-css-1d843yr\"><strong>Malena Ernman<\/strong><\/li>\n<li class=\"hyperion-css-1d843yr\"><strong>Pernilla August:<\/strong>\u00a02016.<\/li>\n<li class=\"hyperion-css-1d843yr\"><strong>Krister Henrikson:<\/strong>\u00a02017.<\/li>\n<li class=\"hyperion-css-1d843yr\"><strong>Mikael Persbrandt:<\/strong>\u00a02018.<\/li>\n<li class=\"hyperion-css-1d843yr\"><strong>Lena Endre:<\/strong>\u00a02019.<\/li>\n<li class=\"hyperion-css-1d843yr\"><strong>Sofia Helin:<\/strong>\u00a02020.<\/li>\n<li class=\"hyperion-css-1d843yr\"><strong>Reine Brynolfsson:<\/strong>\u00a02021.<\/li>\n<li class=\"hyperion-css-1d843yr\"><strong>Lena Olin:<\/strong>\u00a02022.<\/li>\n<li class=\"hyperion-css-1d843yr\"><strong>Tomas von Br\u00f6mssen:<\/strong>\u00a02023.<\/li>\n<li class=\"hyperion-css-1d843yr\"><strong>Johan Rabaeus:<\/strong>\u00a02024<\/li>\n<\/ul>\n<p>L\u00e4s mer<\/p>\n<p>expand-left<\/p>\n<p>helsk\u00e4rm<img decoding=\"async\" class=\"image-asset hyperion-css-u06ts1\" data-test-tag=\"image-asset\" src=\"https:\/\/www.europesays.com\/se\/wp-content\/uploads\/2025\/12\/442f28b9-1ccf-475a-8d5c-b8a33ea2aad3\"  alt=\"Andr\u00e9 Pops \u00e4r programledare och Helena Bergstr\u00f6m l\u00e4ser Ny\u00e5rsklockan.\"  loading=\"eager\" fetchpriority=\"high\" style=\"aspect-ratio:1280 \/ 720\"\/>Andr\u00e9 Pops \u00e4r programledare och Helena Bergstr\u00f6m l\u00e4ser Ny\u00e5rsklockan. Foto: SVT<\/p>\n","protected":false},"excerpt":{"rendered":"\u201dKan g\u00f6ra den p\u00e5 ett lite annat s\u00e4tt\u201d Uppdaterad 09.16 | Publicerad 08.18 share-arrowDela unsaveSpara expand-left helsk\u00e4rmHelena Bergstr\u00f6m&hellip;\n","protected":false},"author":2,"featured_media":106421,"comment_status":"","ping_status":"","sticky":false,"template":"","format":"standard","meta":{"footnotes":""},"categories":[5],"tags":[22,23,26,27,17,21,24,25,28,29,15,16,18,34,31,33,32,30,19,20],"class_list":{"0":"post-106420","1":"post","2":"type-post","3":"status-publish","4":"format-standard","5":"has-post-thumbnail","7":"category-rubriker","8":"tag-breaking-news","9":"tag-breakingnews","10":"tag-featured-news","11":"tag-featurednews","12":"tag-headlines","13":"tag-huvudnyheter","14":"tag-latest-news","15":"tag-latestnews","16":"tag-main-news","17":"tag-mainnews","18":"tag-news","19":"tag-nyheter","20":"tag-rubriker","21":"tag-se","22":"tag-svenska","23":"tag-sverige","24":"tag-sweden","25":"tag-swedish","26":"tag-top-stories","27":"tag-topstories"},"share_on_mastodon":{"url":"https:\/\/pubeurope.com\/@se\/115722745699345931","error":""},"_links":{"self":[{"href":"https:\/\/www.europesays.com\/se\/wp-json\/wp\/v2\/posts\/106420","targetHints":{"allow":["GET"]}}],"collection":[{"href":"https:\/\/www.europesays.com\/se\/wp-json\/wp\/v2\/posts"}],"about":[{"href":"https:\/\/www.europesays.com\/se\/wp-json\/wp\/v2\/types\/post"}],"author":[{"embeddable":true,"href":"https:\/\/www.europesays.com\/se\/wp-json\/wp\/v2\/users\/2"}],"replies":[{"embeddable":true,"href":"https:\/\/www.europesays.com\/se\/wp-json\/wp\/v2\/comments?post=106420"}],"version-history":[{"count":0,"href":"https:\/\/www.europesays.com\/se\/wp-json\/wp\/v2\/posts\/106420\/revisions"}],"wp:featuredmedia":[{"embeddable":true,"href":"https:\/\/www.europesays.com\/se\/wp-json\/wp\/v2\/media\/106421"}],"wp:attachment":[{"href":"https:\/\/www.europesays.com\/se\/wp-json\/wp\/v2\/media?parent=106420"}],"wp:term":[{"taxonomy":"category","embeddable":true,"href":"https:\/\/www.europesays.com\/se\/wp-json\/wp\/v2\/categories?post=106420"},{"taxonomy":"post_tag","embeddable":true,"href":"https:\/\/www.europesays.com\/se\/wp-json\/wp\/v2\/tags?post=106420"}],"curies":[{"name":"wp","href":"https:\/\/api.w.org\/{rel}","templated":true}]}}