{"id":106426,"date":"2025-12-15T09:01:09","date_gmt":"2025-12-15T09:01:09","guid":{"rendered":"https:\/\/www.europesays.com\/se\/106426\/"},"modified":"2025-12-15T09:01:09","modified_gmt":"2025-12-15T09:01:09","slug":"ambulanssjukvardare-region-kalmar-lan","status":"publish","type":"post","link":"https:\/\/www.europesays.com\/se\/106426\/","title":{"rendered":"Ambulanssjukv\u00e5rdare | Region Kalmar L\u00e4n"},"content":{"rendered":"<p>Vi s\u00f6ker dig som vill arbeta i en omv\u00e4xlande milj\u00f6 tillsammans med oss i ambulanssjukv\u00e5rden.<\/p>\n<p>I rollen som ambulanssjukv\u00e5rdare arbetar du framf\u00f6rallt med individbaserad v\u00e5rd och med akutinsatser i hemmet, inom ambulanssjukv\u00e5rden bed\u00f6ms, unders\u00f6ks och v\u00e5rdniv\u00e5styrs patienten till v\u00e5rdinr\u00e4ttning. Vid arbete p\u00e5 skadeplats tillsammans med \u00f6vriga akt\u00f6rer s\u00e5 har ambulanssjukv\u00e5rdaren funktionen prehospital sjukv\u00e5rdsledare. I ambulanssjukv\u00e5rden ing\u00e5r \u00e4ven att \u00f6verflytta patienter mellan v\u00e5rdinr\u00e4ttningar lokalt, regionalt och nationellt. Ambulanssjukv\u00e5rdare och ambulanssjuksk\u00f6terska arbetar tillsammans i olika interprofessionella team med l\u00e4kare och \u00f6vriga samh\u00e4llsviktiga akt\u00f6rer, exempelvis RAPS bl\u00e5 akt\u00f6rer och personal inom akutmottagning.<\/p>\n<p>Tj\u00e4nsten inneb\u00e4r att du arbetar dag\/kv\u00e4ll\/natt\/helg. Vid behov kan \u00e4ven arbete \u00f6ver stationsgr\u00e4nserna f\u00f6rekomma.\u00a0<\/p>\n<p>Om dig<\/p>\n<p>Du \u00e4r undersk\u00f6terska och har utbildning inom ambulanssjukv\u00e5rd alternativt akutsjukv\u00e5rd.<\/p>\n<p>Du \u00e4r en van f\u00f6rare och har B-k\u00f6rkort. C\/C1 k\u00f6rkort \u00e4r meriterande. Yrket kr\u00e4ver \u00e4ven att du har k\u00f6rutbildning i utryckningsk\u00f6rning. Stor vikt kommer att l\u00e4ggas vid personlig l\u00e4mplighet och samarbetsf\u00f6rm\u00e5ga. Yrket kr\u00e4ver god fysik, efter godk\u00e4nda fysiska tester genomf\u00f6rs en introduktionsutbildning. Vi ser m\u00e5ngfald som en styrka och v\u00e4lkomnar d\u00e4rf\u00f6r s\u00f6kande med olika bakgrund.<\/p>\n<p>Vi arbetar med f\u00f6ljande utbildningskoncept, SAT, D-HLR, AHLR, B-HLR, prehospital sjukv\u00e5rdsledning, ambulansteknik, AMLS, PHTLS, r\u00e5dgivningsst\u00f6det Webb och RETTS s\u00e5 det \u00e4r meriterande med kompetens inom dessa omr\u00e5den.<\/p>\n<p>Din framtida arbetsplats<\/p>\n<p>Kalmar l\u00e4n best\u00e5r av 12 kommuner med totalt cirka 247 000 inv\u00e5nare, upptagningsomr\u00e5det str\u00e4cker sig \u00f6ver en yta av 11 694 kvadratmeter. I l\u00e4net finns glesbygd, landsbygd, st\u00e4der, sj\u00f6ar, \u00f6ar och sk\u00e4rg\u00e5rd. Ambulanssjukv\u00e5rdens huvudsakliga uppgift \u00e4r att tillgodose befolkningens behov av ambulanssjukv\u00e5rd. Ambulanssjukv\u00e5rdens m\u00e5l \u00e4r att bed\u00f6ma patienten, behandla vid behov och h\u00e4nvisa till r\u00e4tt v\u00e5rdniv\u00e5. Inom ambulanssjukv\u00e5rden finns resurser som akutambulanser, transportambulans, f\u00f6rsta insats funktion, l\u00e4ttv\u00e5rdsambulans, inre bef\u00e4l samt en sjuk-service resebuss som transporterar patienter mellan l\u00e4nets sjukhus och Regionsjukhuset i Link\u00f6ping. Ambulanssjukv\u00e5rden i Region Kalmar l\u00e4n har cirka 220 medarbetare. Under sommarhalv\u00e5ret \u00f6kar antalet inv\u00e5nare med anledning av turister och evenemang i l\u00e4net.<\/p>\n<p>L\u00e4nssjukhuset i Kalmar \u00e4r ett av tre sjukhus i Kalmar l\u00e4n. Sjukhuset \u00e4r ett akutsjukhus med specialistv\u00e5rd, f\u00f6rlossningsv\u00e5rd och BB. H\u00e4r arbetar drygt 2300 personer f\u00f6r att erbjuda god v\u00e5rd och h\u00f6g patients\u00e4kerhet till l\u00e4nets inv\u00e5nare. V\u00e5ra medarbetares st\u00e4ndiga utvecklingsarbete g\u00f6r att vi n\u00e5r goda resultat i flera olika nationella m\u00e4tningar. Sjukhuset ligger n\u00e4ra Kalmar centrum och Kalmarsund. <\/p>\n<p>Region Kalmar l\u00e4n ansvarar f\u00f6r h\u00e4lso- och sjukv\u00e5rd, tandv\u00e5rd, folkh\u00f6gskolor, kultur, kollektivtrafik och regional utveckling. Vi \u00e4r \u00f6ver 7 000 medarbetare som alla jobbar tillsammans f\u00f6r ett friskare, tryggare och rikare liv f\u00f6r l\u00e4nets inv\u00e5nare. Hos oss f\u00e5r du m\u00e5nga f\u00f6rm\u00e5ner och ett av Sveriges b\u00e4sta kollektivavtal. Vi m\u00f6ter m\u00e4nniskor i livets alla skeden och har ett meningsfullt och utvecklande arbete \u2013 varje dag.<\/p>\n<p><a href=\"https:\/\/regionkalmar.se\/jobb-och-karriar\/att-jobba-hos-oss\/\" rel=\"nofollow noopener\" target=\"_blank\">L\u00e4s mer om att arbeta i Region Kalmar l\u00e4n<\/a><\/p>\n<p>Region Kalmar l\u00e4n erbjuder alla medarbetare en anst\u00e4llning p\u00e5 100%. Om du arbetar deltid men \u00f6nskar arbeta heltid kan ut\u00f6kning av tj\u00e4nst erbjudas vid annan arbetsplats.<\/p>\n<p>Vi vill att du bifogar CV, personligt brev och f\u00f6r tj\u00e4nsten relevanta utbildningsbevis till din ans\u00f6kan. F\u00f6r att kvalitetss\u00e4kra rekryteringsprocessen i Region Kalmar l\u00e4n vill vi att du s\u00f6ker tj\u00e4nsten i v\u00e5rt rekryteringssystem och inte via e-post eller i pappersformat.<\/p>\n<p>Vi tar g\u00e4rna emot samtal fr\u00e5n dig som \u00e4r intresserad av jobbet men tackar nej till dig som s\u00e4ljer annonser och rekryteringstj\u00e4nster.<\/p>\n<p>            Om tj\u00e4nsten<\/p>\n<p>Referensnummer:2025\/986<\/p>\n<p>Placering\/enhet:L\u00e4nssjukhuset i Kalmar<\/p>\n<p>Anst\u00e4llningsform:Tillsvidareanst\u00e4llning<\/p>\n<p>Anst\u00e4llningstid:Tillsvidare<\/p>\n<p>Syssels\u00e4ttningsgrad:Heltid  100%<\/p>\n<p>\n                Tilltr\u00e4de:Efter \u00f6verenskommelse<\/p>\n<p>L\u00f6n:Vi till\u00e4mpar individuell l\u00f6nes\u00e4ttning  <\/p>\n<p>Ans\u00f6k senast:2026-01-14<\/p>\n<p>Om du beh\u00f6ver hj\u00e4lp kan du kontakta v\u00e5r <a href=\"https:\/\/regionkalmar.se\/jobb-och-karriar\/sok-lediga-jobb\/ambulanssjukvardare\/mailto:support@varbi.com\" rel=\"nofollow noopener\" target=\"_blank\">support.<\/a><\/p>\n<p>Telefon: 0520-58 00 50<\/p>\n<p>Telefontid vardagar 08:30-12:00 och 13:00-16:30<\/p>\n","protected":false},"excerpt":{"rendered":"Vi s\u00f6ker dig som vill arbeta i en omv\u00e4xlande milj\u00f6 tillsammans med oss i ambulanssjukv\u00e5rden. I rollen som&hellip;\n","protected":false},"author":2,"featured_media":54627,"comment_status":"","ping_status":"","sticky":false,"template":"","format":"standard","meta":{"footnotes":""},"categories":[12],"tags":[22,23,26,27,17,21,24,25,28,29,15,16,18,34,31,33,32,30,19,20],"class_list":{"0":"post-106426","1":"post","2":"type-post","3":"status-publish","4":"format-standard","5":"has-post-thumbnail","7":"category-sverige","8":"tag-breaking-news","9":"tag-breakingnews","10":"tag-featured-news","11":"tag-featurednews","12":"tag-headlines","13":"tag-huvudnyheter","14":"tag-latest-news","15":"tag-latestnews","16":"tag-main-news","17":"tag-mainnews","18":"tag-news","19":"tag-nyheter","20":"tag-rubriker","21":"tag-se","22":"tag-svenska","23":"tag-sverige","24":"tag-sweden","25":"tag-swedish","26":"tag-top-stories","27":"tag-topstories"},"share_on_mastodon":{"url":"https:\/\/pubeurope.com\/@se\/115722773089921231","error":""},"_links":{"self":[{"href":"https:\/\/www.europesays.com\/se\/wp-json\/wp\/v2\/posts\/106426","targetHints":{"allow":["GET"]}}],"collection":[{"href":"https:\/\/www.europesays.com\/se\/wp-json\/wp\/v2\/posts"}],"about":[{"href":"https:\/\/www.europesays.com\/se\/wp-json\/wp\/v2\/types\/post"}],"author":[{"embeddable":true,"href":"https:\/\/www.europesays.com\/se\/wp-json\/wp\/v2\/users\/2"}],"replies":[{"embeddable":true,"href":"https:\/\/www.europesays.com\/se\/wp-json\/wp\/v2\/comments?post=106426"}],"version-history":[{"count":0,"href":"https:\/\/www.europesays.com\/se\/wp-json\/wp\/v2\/posts\/106426\/revisions"}],"wp:featuredmedia":[{"embeddable":true,"href":"https:\/\/www.europesays.com\/se\/wp-json\/wp\/v2\/media\/54627"}],"wp:attachment":[{"href":"https:\/\/www.europesays.com\/se\/wp-json\/wp\/v2\/media?parent=106426"}],"wp:term":[{"taxonomy":"category","embeddable":true,"href":"https:\/\/www.europesays.com\/se\/wp-json\/wp\/v2\/categories?post=106426"},{"taxonomy":"post_tag","embeddable":true,"href":"https:\/\/www.europesays.com\/se\/wp-json\/wp\/v2\/tags?post=106426"}],"curies":[{"name":"wp","href":"https:\/\/api.w.org\/{rel}","templated":true}]}}