{"id":106427,"date":"2025-12-15T09:02:30","date_gmt":"2025-12-15T09:02:30","guid":{"rendered":"https:\/\/www.europesays.com\/se\/106427\/"},"modified":"2025-12-15T09:02:30","modified_gmt":"2025-12-15T09:02:30","slug":"terrorattacken-pa-bondi-beach-insamling-till-bondi-hjalten","status":"publish","type":"post","link":"https:\/\/www.europesays.com\/se\/106427\/","title":{"rendered":"Terrorattacken p\u00e5 Bondi Beach: insamling till \u201dBondi-hj\u00e4lten\u201d"},"content":{"rendered":"<p>Mitt under s\u00f6ndagens p\u00e5g\u00e5ende terrord\u00e5d p\u00e5 den popul\u00e4ra turiststranden sm\u00f6g mannen, som identifierats som den 43-\u00e5rige gr\u00f6nsakshandlaren Ahmed al-Ahmed, fram bakifr\u00e5n och kastade sig \u00f6ver skytten.<\/p>\n<p>Klippet har blivit viralt och en insamling har startas till st\u00f6d f\u00f6r hj\u00e4lten, som sj\u00e4lv skottskadades i d\u00e5det. Den amerikanske hedge fund-miljard\u00e4ren William Ackman, vd f\u00f6r bolaget Perishing square capital management, har nu sk\u00e4nkt en klumpsumma p\u00e5 n\u00e4stan 100\u00a0000 australiska dollar.<\/p>\n","protected":false},"excerpt":{"rendered":"Mitt under s\u00f6ndagens p\u00e5g\u00e5ende terrord\u00e5d p\u00e5 den popul\u00e4ra turiststranden sm\u00f6g mannen, som identifierats som den 43-\u00e5rige gr\u00f6nsakshandlaren Ahmed&hellip;\n","protected":false},"author":2,"featured_media":106428,"comment_status":"","ping_status":"","sticky":false,"template":"","format":"standard","meta":{"footnotes":""},"categories":[5],"tags":[22,23,26,27,17,21,24,25,28,29,15,16,18,34,31,33,32,30,19,20],"class_list":{"0":"post-106427","1":"post","2":"type-post","3":"status-publish","4":"format-standard","5":"has-post-thumbnail","7":"category-rubriker","8":"tag-breaking-news","9":"tag-breakingnews","10":"tag-featured-news","11":"tag-featurednews","12":"tag-headlines","13":"tag-huvudnyheter","14":"tag-latest-news","15":"tag-latestnews","16":"tag-main-news","17":"tag-mainnews","18":"tag-news","19":"tag-nyheter","20":"tag-rubriker","21":"tag-se","22":"tag-svenska","23":"tag-sverige","24":"tag-sweden","25":"tag-swedish","26":"tag-top-stories","27":"tag-topstories"},"share_on_mastodon":{"url":"https:\/\/pubeurope.com\/@se\/115722776955726764","error":""},"_links":{"self":[{"href":"https:\/\/www.europesays.com\/se\/wp-json\/wp\/v2\/posts\/106427","targetHints":{"allow":["GET"]}}],"collection":[{"href":"https:\/\/www.europesays.com\/se\/wp-json\/wp\/v2\/posts"}],"about":[{"href":"https:\/\/www.europesays.com\/se\/wp-json\/wp\/v2\/types\/post"}],"author":[{"embeddable":true,"href":"https:\/\/www.europesays.com\/se\/wp-json\/wp\/v2\/users\/2"}],"replies":[{"embeddable":true,"href":"https:\/\/www.europesays.com\/se\/wp-json\/wp\/v2\/comments?post=106427"}],"version-history":[{"count":0,"href":"https:\/\/www.europesays.com\/se\/wp-json\/wp\/v2\/posts\/106427\/revisions"}],"wp:featuredmedia":[{"embeddable":true,"href":"https:\/\/www.europesays.com\/se\/wp-json\/wp\/v2\/media\/106428"}],"wp:attachment":[{"href":"https:\/\/www.europesays.com\/se\/wp-json\/wp\/v2\/media?parent=106427"}],"wp:term":[{"taxonomy":"category","embeddable":true,"href":"https:\/\/www.europesays.com\/se\/wp-json\/wp\/v2\/categories?post=106427"},{"taxonomy":"post_tag","embeddable":true,"href":"https:\/\/www.europesays.com\/se\/wp-json\/wp\/v2\/tags?post=106427"}],"curies":[{"name":"wp","href":"https:\/\/api.w.org\/{rel}","templated":true}]}}