{"id":106431,"date":"2025-12-15T09:06:16","date_gmt":"2025-12-15T09:06:16","guid":{"rendered":"https:\/\/www.europesays.com\/se\/106431\/"},"modified":"2025-12-15T09:06:16","modified_gmt":"2025-12-15T09:06:16","slug":"tricky-till-parksnackan-i-uppsala-i-juni","status":"publish","type":"post","link":"https:\/\/www.europesays.com\/se\/106431\/","title":{"rendered":"Tricky till Parksn\u00e4ckan i Uppsala i juni"},"content":{"rendered":"<p>P\u00e5 1990-talet slog Tricky igenom stort, f\u00f6rst som del av musikerkollektivet Massive Attack och sedan som soloartist. Hans kritikerhyllade album &#8221;Maxinquaye&#8221; fr\u00e5n 1995 satte hela genren triphop p\u00e5 kartan med ett opolerat och samtidigt atmosf\u00e4riskt sound d\u00e4r sl\u00e4pig rap blandades med knastriga samplingar och soul.Den 27 juni kliver Tricky upp p\u00e5 Parksn\u00e4ckans scen.\u00a0\u00a0\u00a0<\/p>\n","protected":false},"excerpt":{"rendered":"P\u00e5 1990-talet slog Tricky igenom stort, f\u00f6rst som del av musikerkollektivet Massive Attack och sedan som soloartist. Hans&hellip;\n","protected":false},"author":2,"featured_media":106432,"comment_status":"","ping_status":"","sticky":false,"template":"","format":"standard","meta":{"footnotes":""},"categories":[67],"tags":[104,34,31,33,32,30,105],"class_list":{"0":"post-106431","1":"post","2":"type-post","3":"status-publish","4":"format-standard","5":"has-post-thumbnail","7":"category-underhallning","8":"tag-entertainment","9":"tag-se","10":"tag-svenska","11":"tag-sverige","12":"tag-sweden","13":"tag-swedish","14":"tag-underhallning"},"share_on_mastodon":{"url":"https:\/\/pubeurope.com\/@se\/115722792690295399","error":""},"_links":{"self":[{"href":"https:\/\/www.europesays.com\/se\/wp-json\/wp\/v2\/posts\/106431","targetHints":{"allow":["GET"]}}],"collection":[{"href":"https:\/\/www.europesays.com\/se\/wp-json\/wp\/v2\/posts"}],"about":[{"href":"https:\/\/www.europesays.com\/se\/wp-json\/wp\/v2\/types\/post"}],"author":[{"embeddable":true,"href":"https:\/\/www.europesays.com\/se\/wp-json\/wp\/v2\/users\/2"}],"replies":[{"embeddable":true,"href":"https:\/\/www.europesays.com\/se\/wp-json\/wp\/v2\/comments?post=106431"}],"version-history":[{"count":0,"href":"https:\/\/www.europesays.com\/se\/wp-json\/wp\/v2\/posts\/106431\/revisions"}],"wp:featuredmedia":[{"embeddable":true,"href":"https:\/\/www.europesays.com\/se\/wp-json\/wp\/v2\/media\/106432"}],"wp:attachment":[{"href":"https:\/\/www.europesays.com\/se\/wp-json\/wp\/v2\/media?parent=106431"}],"wp:term":[{"taxonomy":"category","embeddable":true,"href":"https:\/\/www.europesays.com\/se\/wp-json\/wp\/v2\/categories?post=106431"},{"taxonomy":"post_tag","embeddable":true,"href":"https:\/\/www.europesays.com\/se\/wp-json\/wp\/v2\/tags?post=106431"}],"curies":[{"name":"wp","href":"https:\/\/api.w.org\/{rel}","templated":true}]}}