{"id":106457,"date":"2025-12-15T09:28:09","date_gmt":"2025-12-15T09:28:09","guid":{"rendered":"https:\/\/www.europesays.com\/se\/106457\/"},"modified":"2025-12-15T09:28:09","modified_gmt":"2025-12-15T09:28:09","slug":"uppsala-lanserar-vardbuss-for-socialt-utsatta","status":"publish","type":"post","link":"https:\/\/www.europesays.com\/se\/106457\/","title":{"rendered":"Uppsala lanserar v\u00e5rdbuss f\u00f6r socialt utsatta"},"content":{"rendered":"<p>\u2013 \u00c4ven kvinnor i p\u00e4rlor kan ha ett skadligt bruk av substanser, s\u00e4ger regionr\u00e5det Vivianne Macdisi (S) n\u00e4r hon l\u00e4gger sig p\u00e5 britsen med p\u00e4rlorna rasslande runt halsen.Hon ligger i Uppsalas nya v\u00e5rdbuss som ska \u00e5ka runt och s\u00f6ka upp socialt utsatta patienter.Pelle L\u00f6relius som \u00e4r sjuksk\u00f6terska och verksamhetschef p\u00e5 Sprutbytet och husl\u00e4karmottagningen f\u00f6r heml\u00f6sa, tar<\/p>\n","protected":false},"excerpt":{"rendered":"\u2013 \u00c4ven kvinnor i p\u00e4rlor kan ha ett skadligt bruk av substanser, s\u00e4ger regionr\u00e5det Vivianne Macdisi (S) n\u00e4r&hellip;\n","protected":false},"author":2,"featured_media":106458,"comment_status":"","ping_status":"","sticky":false,"template":"","format":"standard","meta":{"footnotes":""},"categories":[69],"tags":[113,112,34,31,33,32,30],"class_list":{"0":"post-106457","1":"post","2":"type-post","3":"status-publish","4":"format-standard","5":"has-post-thumbnail","7":"category-halsa","8":"tag-halsa","9":"tag-health","10":"tag-se","11":"tag-svenska","12":"tag-sverige","13":"tag-sweden","14":"tag-swedish"},"share_on_mastodon":{"url":"https:\/\/pubeurope.com\/@se\/115722879227290313","error":""},"_links":{"self":[{"href":"https:\/\/www.europesays.com\/se\/wp-json\/wp\/v2\/posts\/106457","targetHints":{"allow":["GET"]}}],"collection":[{"href":"https:\/\/www.europesays.com\/se\/wp-json\/wp\/v2\/posts"}],"about":[{"href":"https:\/\/www.europesays.com\/se\/wp-json\/wp\/v2\/types\/post"}],"author":[{"embeddable":true,"href":"https:\/\/www.europesays.com\/se\/wp-json\/wp\/v2\/users\/2"}],"replies":[{"embeddable":true,"href":"https:\/\/www.europesays.com\/se\/wp-json\/wp\/v2\/comments?post=106457"}],"version-history":[{"count":0,"href":"https:\/\/www.europesays.com\/se\/wp-json\/wp\/v2\/posts\/106457\/revisions"}],"wp:featuredmedia":[{"embeddable":true,"href":"https:\/\/www.europesays.com\/se\/wp-json\/wp\/v2\/media\/106458"}],"wp:attachment":[{"href":"https:\/\/www.europesays.com\/se\/wp-json\/wp\/v2\/media?parent=106457"}],"wp:term":[{"taxonomy":"category","embeddable":true,"href":"https:\/\/www.europesays.com\/se\/wp-json\/wp\/v2\/categories?post=106457"},{"taxonomy":"post_tag","embeddable":true,"href":"https:\/\/www.europesays.com\/se\/wp-json\/wp\/v2\/tags?post=106457"}],"curies":[{"name":"wp","href":"https:\/\/api.w.org\/{rel}","templated":true}]}}